{"id":85874,"date":"2017-07-25T05:17:24","date_gmt":"2017-07-25T02:17:24","guid":{"rendered":"https:\/\/afam.md\/blog\/business-breakfast-cu-ruslan-cojocaru\/"},"modified":"2024-10-03T11:07:18","modified_gmt":"2024-10-03T08:07:18","slug":"business-breakfast-cu-ruslan-cojocaru","status":"publish","type":"post","link":"https:\/\/afam.md\/en\/business-breakfast-cu-ruslan-cojocaru\/","title":{"rendered":"Business Breakfast cu Ruslan Cojocaru"},"content":{"rendered":"<p><img loading=\"lazy\" decoding=\"async\" class=\"alignnone size-medium wp-image-927\" src=\"https:\/\/www.afam.sk.md\/wp-content\/uploads\/2017\/08\/Cojocaru-590x394.jpg\" alt=\"\" width=\"590\" height=\"394\" \/><\/p>\n<p><span style=\"color: #000000; font-family: Calibri;\">AFAM a organizat un nou Business Breakfast, iar \u00een calitate de invitat a fost Ruslan Cojocaru, fondatorul re\u021belelor Tucano \u0219i Oliva. Ruslan a \u00eemp\u0103rt\u0103\u0219it cu membrele AFAM parcursul s\u0103u \u00een afaceri, de la primele e\u0219ecuri \u0219i p\u00e2n\u0103 la momentul \u00een care a reu\u0219it s\u0103 creeze afaceri de succes, cu extindere interna\u021bional\u0103. Totodat\u0103, invitatul le-a povestit membrelor AFAM despre strategiile pe care le folose\u0219te \u00een dezvoltarea companiilor, instrumentele de organizare a activit\u0103\u021bii \u0219i de motivare a personalului. Tot la eveniment, Dl Cojocaru a \u00eemp\u0103rt\u0103\u0219it planurile sale de viitor, printre care \u0219i proiecte de responsabilitate social\u0103 prin care planific\u0103 s\u0103 planteze 15.000 de copaci pe teritoriul \u021b\u0103rii, dar \u0219i despre c\u0103l\u0103torii, c\u0103r\u021bi \u0219i alte pasiuni.<\/span><\/p>\n<p><img loading=\"lazy\" decoding=\"async\" class=\"alignnone size-medium wp-image-928\" src=\"https:\/\/www.afam.sk.md\/wp-content\/uploads\/2017\/08\/Romanov.md-23-1024x671-590x387.jpg\" alt=\"\" width=\"590\" height=\"387\" \/><\/p>\n<p><img loading=\"lazy\" decoding=\"async\" class=\"alignnone size-medium wp-image-929\" src=\"https:\/\/www.afam.sk.md\/wp-content\/uploads\/2017\/08\/Romanov.md-28--590x377.jpg\" alt=\"\" width=\"590\" height=\"377\" \/><\/p>","protected":false},"excerpt":{"rendered":"<p>AFAM a organizat un nou Business Breakfast, iar \u00een calitate de invitat a fost Ruslan Cojocaru, fondatorul re\u021belelor Tucano \u0219i Oliva. Ruslan a \u00eemp\u0103rt\u0103\u0219it cu membrele AFAM parcursul s\u0103u \u00een [&hellip;]<\/p>","protected":false},"author":1,"featured_media":76594,"comment_status":"closed","ping_status":"closed","sticky":false,"template":"","format":"standard","meta":{"_EventAllDay":false,"_EventTimezone":"","_EventStartDate":"","_EventEndDate":"","_EventStartDateUTC":"","_EventEndDateUTC":"","_EventShowMap":false,"_EventShowMapLink":false,"_EventURL":"","_EventCost":"","_EventCostDescription":"","_EventCurrencySymbol":"","_EventCurrencyCode":"","_EventCurrencyPosition":"","_EventDateTimeSeparator":"","_EventTimeRangeSeparator":"","_EventOrganizerID":[],"_EventVenueID":[],"_OrganizerEmail":"","_OrganizerPhone":"","_OrganizerWebsite":"","_VenueAddress":"","_VenueCity":"","_VenueCountry":"","_VenueProvince":"","_VenueState":"","_VenueZip":"","_VenuePhone":"","_VenueURL":"","_VenueStateProvince":"","_VenueLat":"","_VenueLng":"","_VenueShowMap":false,"_VenueShowMapLink":false,"footnotes":""},"categories":[302],"tags":[],"class_list":["post-85874","post","type-post","status-publish","format-standard","has-post-thumbnail","hentry","category-business"],"yoast_head":"<!-- This site is optimized with the Yoast SEO Premium plugin v23.8 (Yoast SEO v25.1) - https:\/\/yoast.com\/wordpress\/plugins\/seo\/ -->\n<title>Business Breakfast cu Ruslan Cojocaru - AFAM MD<\/title>\n<meta name=\"robots\" content=\"index, follow, max-snippet:-1, max-image-preview:large, max-video-preview:-1\" \/>\n<link rel=\"canonical\" href=\"https:\/\/afam.md\/en\/business-breakfast-cu-ruslan-cojocaru\/\" \/>\n<meta property=\"og:locale\" content=\"en_US\" \/>\n<meta property=\"og:type\" content=\"article\" \/>\n<meta property=\"og:title\" content=\"Business Breakfast cu Ruslan Cojocaru\" \/>\n<meta property=\"og:description\" content=\"AFAM a organizat un nou Business Breakfast, iar \u00een calitate de invitat a fost Ruslan Cojocaru, fondatorul re\u021belelor Tucano \u0219i Oliva. Ruslan a \u00eemp\u0103rt\u0103\u0219it cu membrele AFAM parcursul s\u0103u \u00een [&hellip;]\" \/>\n<meta property=\"og:url\" content=\"https:\/\/afam.md\/en\/business-breakfast-cu-ruslan-cojocaru\/\" \/>\n<meta property=\"og:site_name\" content=\"AFAM MD\" \/>\n<meta property=\"article:publisher\" content=\"https:\/\/www.facebook.com\/AFAMMoldova\/\" \/>\n<meta property=\"article:published_time\" content=\"2017-07-25T02:17:24+00:00\" \/>\n<meta property=\"article:modified_time\" content=\"2024-10-03T08:07:18+00:00\" \/>\n<meta property=\"og:image\" content=\"https:\/\/afam.md\/wp-content\/uploads\/2024\/09\/Cojocaru.jpg\" \/>\n\t<meta property=\"og:image:width\" content=\"1024\" \/>\n\t<meta property=\"og:image:height\" content=\"683\" \/>\n\t<meta property=\"og:image:type\" content=\"image\/jpeg\" \/>\n<meta name=\"author\" content=\"AFAM MD\" \/>\n<meta name=\"twitter:card\" content=\"summary_large_image\" \/>\n<meta name=\"twitter:label1\" content=\"Written by\" \/>\n\t<meta name=\"twitter:data1\" content=\"AFAM MD\" \/>\n\t<meta name=\"twitter:label2\" content=\"Est. reading time\" \/>\n\t<meta name=\"twitter:data2\" content=\"1 minute\" \/>\n<script type=\"application\/ld+json\" class=\"yoast-schema-graph\">{\"@context\":\"https:\/\/schema.org\",\"@graph\":[{\"@type\":\"Article\",\"@id\":\"https:\/\/afam.md\/business-breakfast-cu-ruslan-cojocaru\/#article\",\"isPartOf\":{\"@id\":\"https:\/\/afam.md\/business-breakfast-cu-ruslan-cojocaru\/\"},\"author\":{\"name\":\"AFAM MD\",\"@id\":\"https:\/\/afam.md\/en\/#\/schema\/person\/f1e5fae3e1fb398d34fedbe21728cf00\"},\"headline\":\"Business Breakfast cu Ruslan Cojocaru\",\"datePublished\":\"2017-07-25T02:17:24+00:00\",\"dateModified\":\"2024-10-03T08:07:18+00:00\",\"mainEntityOfPage\":{\"@id\":\"https:\/\/afam.md\/business-breakfast-cu-ruslan-cojocaru\/\"},\"wordCount\":133,\"publisher\":{\"@id\":\"https:\/\/afam.md\/en\/#organization\"},\"image\":{\"@id\":\"https:\/\/afam.md\/business-breakfast-cu-ruslan-cojocaru\/#primaryimage\"},\"thumbnailUrl\":\"https:\/\/afam.md\/wp-content\/uploads\/2024\/09\/Cojocaru.jpg\",\"articleSection\":[\"BUSINESS\"],\"inLanguage\":\"en-US\"},{\"@type\":\"WebPage\",\"@id\":\"https:\/\/afam.md\/business-breakfast-cu-ruslan-cojocaru\/\",\"url\":\"https:\/\/afam.md\/business-breakfast-cu-ruslan-cojocaru\/\",\"name\":\"Business Breakfast cu Ruslan Cojocaru - AFAM MD\",\"isPartOf\":{\"@id\":\"https:\/\/afam.md\/en\/#website\"},\"primaryImageOfPage\":{\"@id\":\"https:\/\/afam.md\/business-breakfast-cu-ruslan-cojocaru\/#primaryimage\"},\"image\":{\"@id\":\"https:\/\/afam.md\/business-breakfast-cu-ruslan-cojocaru\/#primaryimage\"},\"thumbnailUrl\":\"https:\/\/afam.md\/wp-content\/uploads\/2024\/09\/Cojocaru.jpg\",\"datePublished\":\"2017-07-25T02:17:24+00:00\",\"dateModified\":\"2024-10-03T08:07:18+00:00\",\"breadcrumb\":{\"@id\":\"https:\/\/afam.md\/business-breakfast-cu-ruslan-cojocaru\/#breadcrumb\"},\"inLanguage\":\"en-US\",\"potentialAction\":[{\"@type\":\"ReadAction\",\"target\":[\"https:\/\/afam.md\/business-breakfast-cu-ruslan-cojocaru\/\"]}]},{\"@type\":\"ImageObject\",\"inLanguage\":\"en-US\",\"@id\":\"https:\/\/afam.md\/business-breakfast-cu-ruslan-cojocaru\/#primaryimage\",\"url\":\"https:\/\/afam.md\/wp-content\/uploads\/2024\/09\/Cojocaru.jpg\",\"contentUrl\":\"https:\/\/afam.md\/wp-content\/uploads\/2024\/09\/Cojocaru.jpg\",\"width\":1024,\"height\":683},{\"@type\":\"BreadcrumbList\",\"@id\":\"https:\/\/afam.md\/business-breakfast-cu-ruslan-cojocaru\/#breadcrumb\",\"itemListElement\":[{\"@type\":\"ListItem\",\"position\":1,\"name\":\"\u0413\u043b\u0430\u0432\u043d\u0430\u044f\",\"item\":\"https:\/\/afam.md\/\"},{\"@type\":\"ListItem\",\"position\":2,\"name\":\"Business Breakfast cu Ruslan Cojocaru\"}]},{\"@type\":\"WebSite\",\"@id\":\"https:\/\/afam.md\/en\/#website\",\"url\":\"https:\/\/afam.md\/en\/\",\"name\":\"AFAM MD\",\"description\":\"Asocia\u021bia Femeilor Antreprenoare Din Moldova\",\"publisher\":{\"@id\":\"https:\/\/afam.md\/en\/#organization\"},\"potentialAction\":[{\"@type\":\"SearchAction\",\"target\":{\"@type\":\"EntryPoint\",\"urlTemplate\":\"https:\/\/afam.md\/en\/?s={search_term_string}\"},\"query-input\":{\"@type\":\"PropertyValueSpecification\",\"valueRequired\":true,\"valueName\":\"search_term_string\"}}],\"inLanguage\":\"en-US\"},{\"@type\":\"Organization\",\"@id\":\"https:\/\/afam.md\/en\/#organization\",\"name\":\"Asocia\u021bia Femeilor Antreprenoare Din Moldova\",\"alternateName\":\"AFAM\",\"url\":\"https:\/\/afam.md\/en\/\",\"logo\":{\"@type\":\"ImageObject\",\"inLanguage\":\"en-US\",\"@id\":\"https:\/\/afam.md\/en\/#\/schema\/logo\/image\/\",\"url\":\"https:\/\/afam.md\/wp-content\/uploads\/2024\/11\/logo-blue.svg\",\"contentUrl\":\"https:\/\/afam.md\/wp-content\/uploads\/2024\/11\/logo-blue.svg\",\"width\":1874,\"height\":650,\"caption\":\"Asocia\u021bia Femeilor Antreprenoare Din Moldova\"},\"image\":{\"@id\":\"https:\/\/afam.md\/en\/#\/schema\/logo\/image\/\"},\"sameAs\":[\"https:\/\/www.facebook.com\/AFAMMoldova\/\",\"https:\/\/www.instagram.com\/afammoldova\/?hl=en\",\"https:\/\/md.linkedin.com\/in\/afam-moldova-285159174\"],\"email\":\"afammoldova@gmail.com\",\"telephone\":\"(+373) 76 767 670\",\"legalName\":\"Asocia\u021bia Femeilor Antreprenoare Din Moldova\",\"numberOfEmployees\":{\"@type\":\"QuantitativeValue\",\"minValue\":\"51\",\"maxValue\":\"200\"}},{\"@type\":\"Person\",\"@id\":\"https:\/\/afam.md\/en\/#\/schema\/person\/f1e5fae3e1fb398d34fedbe21728cf00\",\"name\":\"AFAM MD\",\"image\":{\"@type\":\"ImageObject\",\"inLanguage\":\"en-US\",\"@id\":\"https:\/\/afam.md\/en\/#\/schema\/person\/image\/\",\"url\":\"https:\/\/afam.md\/wp-content\/litespeed\/avatar\/4b4e67be5fef2abbd79000cd96849830.jpg?ver=1776689026\",\"contentUrl\":\"https:\/\/afam.md\/wp-content\/litespeed\/avatar\/4b4e67be5fef2abbd79000cd96849830.jpg?ver=1776689026\",\"caption\":\"AFAM MD\"},\"sameAs\":[\"https:\/\/afam.md\"]}]}<\/script>\n<!-- \/ Yoast SEO Premium plugin. -->","yoast_head_json":{"title":"Business Breakfast cu Ruslan Cojocaru - AFAM MD","robots":{"index":"index","follow":"follow","max-snippet":"max-snippet:-1","max-image-preview":"max-image-preview:large","max-video-preview":"max-video-preview:-1"},"canonical":"https:\/\/afam.md\/en\/business-breakfast-cu-ruslan-cojocaru\/","og_locale":"en_US","og_type":"article","og_title":"Business Breakfast cu Ruslan Cojocaru","og_description":"AFAM a organizat un nou Business Breakfast, iar \u00een calitate de invitat a fost Ruslan Cojocaru, fondatorul re\u021belelor Tucano \u0219i Oliva. Ruslan a \u00eemp\u0103rt\u0103\u0219it cu membrele AFAM parcursul s\u0103u \u00een [&hellip;]","og_url":"https:\/\/afam.md\/en\/business-breakfast-cu-ruslan-cojocaru\/","og_site_name":"AFAM MD","article_publisher":"https:\/\/www.facebook.com\/AFAMMoldova\/","article_published_time":"2017-07-25T02:17:24+00:00","article_modified_time":"2024-10-03T08:07:18+00:00","og_image":[{"width":1024,"height":683,"url":"https:\/\/afam.md\/wp-content\/uploads\/2024\/09\/Cojocaru.jpg","type":"image\/jpeg"}],"author":"AFAM MD","twitter_card":"summary_large_image","twitter_misc":{"Written by":"AFAM MD","Est. reading time":"1 minute"},"schema":{"@context":"https:\/\/schema.org","@graph":[{"@type":"Article","@id":"https:\/\/afam.md\/business-breakfast-cu-ruslan-cojocaru\/#article","isPartOf":{"@id":"https:\/\/afam.md\/business-breakfast-cu-ruslan-cojocaru\/"},"author":{"name":"AFAM MD","@id":"https:\/\/afam.md\/en\/#\/schema\/person\/f1e5fae3e1fb398d34fedbe21728cf00"},"headline":"Business Breakfast cu Ruslan Cojocaru","datePublished":"2017-07-25T02:17:24+00:00","dateModified":"2024-10-03T08:07:18+00:00","mainEntityOfPage":{"@id":"https:\/\/afam.md\/business-breakfast-cu-ruslan-cojocaru\/"},"wordCount":133,"publisher":{"@id":"https:\/\/afam.md\/en\/#organization"},"image":{"@id":"https:\/\/afam.md\/business-breakfast-cu-ruslan-cojocaru\/#primaryimage"},"thumbnailUrl":"https:\/\/afam.md\/wp-content\/uploads\/2024\/09\/Cojocaru.jpg","articleSection":["BUSINESS"],"inLanguage":"en-US"},{"@type":"WebPage","@id":"https:\/\/afam.md\/business-breakfast-cu-ruslan-cojocaru\/","url":"https:\/\/afam.md\/business-breakfast-cu-ruslan-cojocaru\/","name":"Business Breakfast cu Ruslan Cojocaru - AFAM MD","isPartOf":{"@id":"https:\/\/afam.md\/en\/#website"},"primaryImageOfPage":{"@id":"https:\/\/afam.md\/business-breakfast-cu-ruslan-cojocaru\/#primaryimage"},"image":{"@id":"https:\/\/afam.md\/business-breakfast-cu-ruslan-cojocaru\/#primaryimage"},"thumbnailUrl":"https:\/\/afam.md\/wp-content\/uploads\/2024\/09\/Cojocaru.jpg","datePublished":"2017-07-25T02:17:24+00:00","dateModified":"2024-10-03T08:07:18+00:00","breadcrumb":{"@id":"https:\/\/afam.md\/business-breakfast-cu-ruslan-cojocaru\/#breadcrumb"},"inLanguage":"en-US","potentialAction":[{"@type":"ReadAction","target":["https:\/\/afam.md\/business-breakfast-cu-ruslan-cojocaru\/"]}]},{"@type":"ImageObject","inLanguage":"en-US","@id":"https:\/\/afam.md\/business-breakfast-cu-ruslan-cojocaru\/#primaryimage","url":"https:\/\/afam.md\/wp-content\/uploads\/2024\/09\/Cojocaru.jpg","contentUrl":"https:\/\/afam.md\/wp-content\/uploads\/2024\/09\/Cojocaru.jpg","width":1024,"height":683},{"@type":"BreadcrumbList","@id":"https:\/\/afam.md\/business-breakfast-cu-ruslan-cojocaru\/#breadcrumb","itemListElement":[{"@type":"ListItem","position":1,"name":"\u0413\u043b\u0430\u0432\u043d\u0430\u044f","item":"https:\/\/afam.md\/"},{"@type":"ListItem","position":2,"name":"Business Breakfast cu Ruslan Cojocaru"}]},{"@type":"WebSite","@id":"https:\/\/afam.md\/en\/#website","url":"https:\/\/afam.md\/en\/","name":"AFAM MD","description":"Asocia\u021bia Femeilor Antreprenoare Din Moldova","publisher":{"@id":"https:\/\/afam.md\/en\/#organization"},"potentialAction":[{"@type":"SearchAction","target":{"@type":"EntryPoint","urlTemplate":"https:\/\/afam.md\/en\/?s={search_term_string}"},"query-input":{"@type":"PropertyValueSpecification","valueRequired":true,"valueName":"search_term_string"}}],"inLanguage":"en-US"},{"@type":"Organization","@id":"https:\/\/afam.md\/en\/#organization","name":"Asocia\u021bia Femeilor Antreprenoare Din Moldova","alternateName":"AFAM","url":"https:\/\/afam.md\/en\/","logo":{"@type":"ImageObject","inLanguage":"en-US","@id":"https:\/\/afam.md\/en\/#\/schema\/logo\/image\/","url":"https:\/\/afam.md\/wp-content\/uploads\/2024\/11\/logo-blue.svg","contentUrl":"https:\/\/afam.md\/wp-content\/uploads\/2024\/11\/logo-blue.svg","width":1874,"height":650,"caption":"Asocia\u021bia Femeilor Antreprenoare Din Moldova"},"image":{"@id":"https:\/\/afam.md\/en\/#\/schema\/logo\/image\/"},"sameAs":["https:\/\/www.facebook.com\/AFAMMoldova\/","https:\/\/www.instagram.com\/afammoldova\/?hl=en","https:\/\/md.linkedin.com\/in\/afam-moldova-285159174"],"email":"afammoldova@gmail.com","telephone":"(+373) 76 767 670","legalName":"Asocia\u021bia Femeilor Antreprenoare Din Moldova","numberOfEmployees":{"@type":"QuantitativeValue","minValue":"51","maxValue":"200"}},{"@type":"Person","@id":"https:\/\/afam.md\/en\/#\/schema\/person\/f1e5fae3e1fb398d34fedbe21728cf00","name":"AFAM MD","image":{"@type":"ImageObject","inLanguage":"en-US","@id":"https:\/\/afam.md\/en\/#\/schema\/person\/image\/","url":"https:\/\/afam.md\/wp-content\/litespeed\/avatar\/4b4e67be5fef2abbd79000cd96849830.jpg?ver=1776689026","contentUrl":"https:\/\/afam.md\/wp-content\/litespeed\/avatar\/4b4e67be5fef2abbd79000cd96849830.jpg?ver=1776689026","caption":"AFAM MD"},"sameAs":["https:\/\/afam.md"]}]}},"_links":{"self":[{"href":"https:\/\/afam.md\/en\/wp-json\/wp\/v2\/posts\/85874","targetHints":{"allow":["GET"]}}],"collection":[{"href":"https:\/\/afam.md\/en\/wp-json\/wp\/v2\/posts"}],"about":[{"href":"https:\/\/afam.md\/en\/wp-json\/wp\/v2\/types\/post"}],"author":[{"embeddable":true,"href":"https:\/\/afam.md\/en\/wp-json\/wp\/v2\/users\/1"}],"replies":[{"embeddable":true,"href":"https:\/\/afam.md\/en\/wp-json\/wp\/v2\/comments?post=85874"}],"version-history":[{"count":0,"href":"https:\/\/afam.md\/en\/wp-json\/wp\/v2\/posts\/85874\/revisions"}],"wp:featuredmedia":[{"embeddable":true,"href":"https:\/\/afam.md\/en\/wp-json\/wp\/v2\/media\/76594"}],"wp:attachment":[{"href":"https:\/\/afam.md\/en\/wp-json\/wp\/v2\/media?parent=85874"}],"wp:term":[{"taxonomy":"category","embeddable":true,"href":"https:\/\/afam.md\/en\/wp-json\/wp\/v2\/categories?post=85874"},{"taxonomy":"post_tag","embeddable":true,"href":"https:\/\/afam.md\/en\/wp-json\/wp\/v2\/tags?post=85874"}],"curies":[{"name":"wp","href":"https:\/\/api.w.org\/{rel}","templated":true}]}}