{"id":86345,"date":"2023-08-16T07:18:21","date_gmt":"2023-08-16T04:18:21","guid":{"rendered":"https:\/\/afam.md\/blog\/chemare-la-participare-programul-sprijin-pentru-includerea-economica-si-intarirea-autonomiei-refugiatilor-si-comunitatilor-vulnerabile\/"},"modified":"2024-10-03T11:16:31","modified_gmt":"2024-10-03T08:16:31","slug":"chemare-la-participare-programul-sprijin-pentru-includerea-economica-si-intarirea-autonomiei-refugiatilor-si-comunitatilor-vulnerabile","status":"publish","type":"post","link":"https:\/\/afam.md\/en\/chemare-la-participare-programul-sprijin-pentru-includerea-economica-si-intarirea-autonomiei-refugiatilor-si-comunitatilor-vulnerabile\/","title":{"rendered":"Chemare La Participare: Programul &#8222;Sprijin Pentru Includerea Economic\u0103 \u0218i \u00cent\u0103rirea Autonomiei Refugia\u021bilor \u0218i Comunit\u0103\u021bilor Vulnerabile&#8221;"},"content":{"rendered":"<p><strong>Introducere:<\/strong><\/p>\n<p>&nbsp;<\/p>\n<p>Consiliul Norvegian pentru Refugia\u021bi (NRC), o organiza\u021bie umanitar\u0103 interna\u021bional\u0103, \u00een parteneriat cu respectata Asocia\u021bie a Femeilor Antreprenor din Moldova (AFAM), anun\u021b\u0103 lansarea inovatorului program &#8222;Sprijin pentru includerea economic\u0103 \u0219i \u00eent\u0103rirea autonomiei refugia\u021bilor \u0219i comunit\u0103\u021bilor vulnerabile&#8221; \u00een municipiul Chi\u0219in\u0103u.<\/p>\n<p>&nbsp;<\/p>\n<p><strong>Scop:<\/strong><\/p>\n<p>&nbsp;<\/p>\n<p>Principalul obiectiv al acestui program este de a consolida poten\u021bialul refugia\u021bilor din Ucraina, cet\u0103\u021benilor din \u021b\u0103rile ter\u021be \u0219i al localnicilor vulnerabili din Moldova, promov\u00e2ndu-le autonomia prin ini\u021biative de generare a veniturilor.<\/p>\n<p>&nbsp;<\/p>\n<p>Durata programului: patru luni: August 2023 &#8211; Noiembrie 2023.<\/p>\n<p>&nbsp;<\/p>\n<p>Perioada de aplicare este deschis\u0103 \u00een perioada 16 august 2023 p\u00e2n\u0103 la 31 august 2023.<\/p>\n<p>&nbsp;<\/p>\n<p>&nbsp;<\/p>\n<p>Grupuri \u021bint\u0103:<\/p>\n<ul>\n<li>Refugia\u021bi din Ucraina<\/li>\n<li>Cet\u0103\u021beni din \u021b\u0103rile ter\u021be<\/li>\n<li>Localnici vulnerabili din Moldova<\/li>\n<\/ul>\n<p>&nbsp;<\/p>\n<p><strong>Puncte cheie ale programului:<\/strong><\/p>\n<ul>\n<li>Traininguri specializate \u00een antreprenoriat<\/li>\n<li>Dezvoltarea abilit\u0103\u021bilor soft avansate<\/li>\n<li>Cursuri de limba englez\u0103\/rom\u00e2n\u0103 adaptate nevoilor individuale<\/li>\n<li>Mecanisme de sprijin pentru \u00eengrijirea copiilor (pentru participan\u021bii cu copii)<\/li>\n<li>Suport integral pentru transport<\/li>\n<li>Mentorat, coaching \u0219i sesiuni de consultare exclusive<\/li>\n<\/ul>\n<p>&nbsp;<\/p>\n<p><strong>Oportunitate special\u0103 pentru participan\u021bi:<\/strong><\/p>\n<p>&nbsp;<\/p>\n<p>Dintre to\u021bi participan\u021bii no\u0219tri dedica\u021bi, 20 de indivizi deosebi\u021bi vor fi selecta\u021bi pentru a primi un sprijin semnificativ \u00een lansarea aspira\u021biilor lor de afaceri. Vor fi oferite granturi de p\u00e2n\u0103 la 104,500 de lei moldovene\u0219ti. Aceasta nu este doar finan\u021bare; este investi\u021bia noastr\u0103 \u00een poten\u021bialul dvs., credin\u021ba \u00een viziunea dvs. \u0219i schimb\u0103rile pe care le pute\u021bi aduce comunit\u0103\u021bii. Profita\u021bi de aceast\u0103 oportunitate pentru a transforma visele dvs. antreprenoriale \u00eentr-o realitate prosper\u0103!<\/p>\n<p>&nbsp;<\/p>\n<p><strong>Criterii de eligibilitate:<\/strong><\/p>\n<p>&nbsp;<\/p>\n<ul>\n<li>Statut juridic \u0219i re\u0219edin\u021b\u0103:<\/li>\n<\/ul>\n<p>&#8211; Trebuie s\u0103 aib\u0103 fie un statut juridic \u00een Moldova, fie o dorin\u021b\u0103 clar\u0103 de a-l ob\u021bine.<\/p>\n<p>&#8211; Trebuie s\u0103 apar\u021bin\u0103 uneia dintre urm\u0103toarele categorii: refugiat din Ucraina, cet\u0103\u021bean al unei \u021b\u0103ri ter\u021be sau localnic vulnerabil din Moldova, rezident \u00een municipiul Chi\u0219in\u0103u sau \u00een zonele \u00eenvecinate.<\/p>\n<p>&nbsp;<\/p>\n<ul>\n<li>Cerin\u021be de v\u00e2rst\u0103:<\/li>\n<\/ul>\n<p>&#8211; Trebuie s\u0103 aib\u0103 cel pu\u021bin 18 ani la momentul depunerii cererii.<\/p>\n<p>&nbsp;<\/p>\n<ul>\n<li>Inten\u021bii antreprenoriale:<\/li>\n<\/ul>\n<p>&#8211; Trebuie s\u0103 demonstreze at\u00e2t capacitatea, c\u00e2t \u0219i dorin\u021ba de a ini\u021bia \u0219i gestiona o afacere \u00een Republica Moldova.<\/p>\n<p>&nbsp;<\/p>\n<ul>\n<li>Cuno\u0219tin\u021be de limb\u0103:<\/li>\n<\/ul>\n<p>&#8211; Trebuie s\u0103 aib\u0103 cuno\u0219tin\u021be de limba rus\u0103 at\u00e2t la nivel de conversa\u021bie, c\u00e2t \u0219i la nivel scris, deoarece programul va fi prezentat \u00een limba rus\u0103.<\/p>\n<p>&nbsp;<\/p>\n<ul>\n<li>Angajamente:<\/li>\n<\/ul>\n<p>&#8211; Trebuie s\u0103 fie disponibil pentru participare complet\u0103 \u00een program de la august la noiembrie 2023.<\/p>\n<p>&nbsp;<\/p>\n<ul>\n<li>Nevoile de \u00eengrijire a copiilor:<\/li>\n<\/ul>\n<p>&#8211; Se recomand\u0103 participan\u021bilor cu copii s\u0103 aplice; totu\u0219i, ei trebuie s\u0103 indice nevoia lor de servicii de \u00eengrijire a copiilor \u00een cererea lor pentru planificare logistic\u0103 corespunz\u0103toare.<\/p>\n<p>&nbsp;<\/p>\n<ul>\n<li>Prioritate umanitar\u0103:<\/li>\n<\/ul>\n<p>&#8211; Solicitan\u021bilor cu nevoi umanitare imediate li se va acorda prioritate \u00een procesul de selec\u021bie.<\/p>\n<p>&nbsp;<\/p>\n<ul>\n<li>Preg\u0103tire pentru program:<\/li>\n<\/ul>\n<p>&#8211; Candida\u021bii trebuie s\u0103 manifeste un interes puternic pentru componentele cheie ale programului, \u00een special pentru trainingurile de antreprenoriat, dezvoltarea abilit\u0103\u021bilor \u0219i mentorat.<\/p>\n<p>&nbsp;<\/p>\n<p>Solicitan\u021bii care \u00eendeplinesc criteriile de mai sus sunt \u00eencuraja\u021bi s\u0103 aplice, asigur\u00e2ndu-se c\u0103 cererea lor este precis\u0103 \u0219i complet\u0103 pentru a optimiza procesul de selec\u021bie.<\/p>\n<p>&nbsp;<\/p>\n<p><strong>Procesul de selec\u021bie:<\/strong><\/p>\n<p>&nbsp;<\/p>\n<p>Din mul\u021bimea de candida\u021bi, 35 de poten\u021biali beneficiari vor fi selecta\u021bi pentru o experien\u021b\u0103 educa\u021bional\u0103 complet\u0103. Acest lucru include formare specializat\u0103 \u00een antreprenoriat, dezvoltare de abilit\u0103\u021bi \u0219i cursuri de limb\u0103 avansat\u0103.<\/p>\n<p>&nbsp;<\/p>\n<p>Totu\u0219i, angajamentul \u0219i ac\u021biunea r\u0103m\u00e2n coloana vertebral\u0103 a acestui program. Din ace\u0219ti 35, doar cei care arat\u0103 o dorin\u021b\u0103 clar\u0103 de a urma calea antreprenorial\u0103 \u0219i pot dezvolta eficient un plan de afaceri clar \u00een timpul sesiunilor de formare \u0219i mentorat vor avansa la etapa urm\u0103toare.<\/p>\n<p>&nbsp;<\/p>\n<p>Un grup restr\u00e2ns de 20 dintre cei 35 ini\u021biali vor fi determina\u021bi pentru sprijin financiar. Acestor participan\u021bi selecta\u021bi li se vor oferi granturi de p\u00e2n\u0103 la 104,500 de lei moldovene\u0219ti. Aceast\u0103 finan\u021bare este menit\u0103 s\u0103 le ofere stimulentul financiar necesar pentru a transforma ideile lor antreprenoriale \u00een afaceri reale, fie la nivel individual sau \u00eentr-o \u00eentreprindere de parteneriat.<\/p>\n<p>&nbsp;<\/p>\n<p>Acest proces riguros de selec\u021bie garanteaz\u0103 c\u0103 nu numai talentul este recunoscut, ci \u0219i angajamentul \u0219i aplicarea practic\u0103 sunt r\u0103spl\u0103tite.<\/p>\n<p>&nbsp;<\/p>\n<p><strong>Procesul de aplicare:<\/strong><\/p>\n<p>&nbsp;<\/p>\n<p>Candida\u021bii poten\u021biali sunt \u00eencuraja\u021bi s\u0103 completeze cu aten\u021bie formularul de cerere, asigur\u00e2ndu-se c\u0103 sunt exacti \u0219i meticulo\u0219i. Acest grad de rigoare optimizeaz\u0103 etapa noastr\u0103 de evaluare, simplific\u00e2nd identificarea participan\u021bilor ideali pentru aceast\u0103 ini\u021biativ\u0103 transformativ\u0103. Pute\u021bi aplica pentru program dac\u0103 sunte\u021bi interesa\u021bi \u00een a \u00eenv\u0103\u021ba abilit\u0103\u021bi de afaceri, precum \u0219i alte abilit\u0103\u021bi necesare, \u0219i \u00een a primi mentorat \u0219i sprijin financiar pentru a \u00eencepe propria afacere \u00een Moldova urm\u00e2nd acest link. <a href=\"https:\/\/kn75oayz7ih.typeform.com\/to\/O7RPviPS\">https:\/\/kn75oayz7ih.typeform.com\/to\/O7RPviPS<\/a><\/p>\n<p>&nbsp;<\/p>\n<p><strong>Informa\u021bii de contact:<\/strong><\/p>\n<p>&nbsp;<\/p>\n<p>Dac\u0103 ave\u021bi nevoie de informa\u021bii suplimentare, ave\u021bi nevoie de clarific\u0103ri sau dori\u021bi s\u0103 ne contacta\u021bi cu orice \u00eentreb\u0103ri, coordonatorii no\u0219tri de program sunt aici pentru a ajuta.<\/p>\n<p>&nbsp;<\/p>\n<p><strong>Email:<\/strong> Pute\u021bi s\u0103 ne contacta\u021bi \u00een orice moment la adresa <a href=\"mailto:proiecte.afam@gmail.com\">proiecte.afam@gmail.com<\/a> . Monitoriz\u0103m emailul nostru non-stop, \u0219i echipa noastr\u0103 se angajeaz\u0103 s\u0103 furnizeze r\u0103spunsuri prompte la toate solicit\u0103rile.<\/p>\n<p>&nbsp;<\/p>\n<p><strong>Your phone<\/strong>: Pentru cei care prefer\u0103 s\u0103 vorbeasc\u0103 direct, ne pute\u021bi contacta la num\u0103rul <strong>0<\/strong><strong>7676767<\/strong><strong>0<\/strong><strong>.<\/strong> V\u0103 rug\u0103m s\u0103 re\u021bine\u021bi c\u0103 liniile noastre telefonice sunt disponibile \u00een timpul orelor de lucru standard. Dac\u0103 suna\u021bi \u00een afara acestor ore, v\u0103 suger\u0103m s\u0103 trimite\u021bi un email pentru un r\u0103spuns rapid.<\/p>\n<p>&nbsp;<\/p>\n<p>Apreciem interesul dvs. \u0219i garant\u0103m c\u0103 toate solicit\u0103rile vor fi abordate \u00een mod prompt. Hai s\u0103 construim \u00eempreun\u0103 o comunitate puternic\u0103, incluziv\u0103 \u0219i autosuficient\u0103 pentru to\u021bi.<\/p>\n<p>&nbsp;<\/p>\n<p><img loading=\"lazy\" decoding=\"async\" class=\"alignnone size-full wp-image-7972\" src=\"https:\/\/afam.md\/wp-content\/uploads\/2024\/09\/\u0432\u0442\u043e\u0440\u0430\u044f-1.png\" alt=\"\" width=\"2000\" height=\"1545\" \/><\/p>\n<p><a href=\"https:\/\/afam.md\/wp-content\/uploads\/2023\/08\/Ro-pdf.pdf\">Chemare La Participare: Programul &#8222;Sprijin Pentru Includerea Economic\u0103 \u0218i \u00cent\u0103rirea Autonomiei Refugia\u021bilor \u0218i Comunit\u0103\u021bilor Vulnerabile&#8221;<\/a><\/p>\n<p>&nbsp;<\/p>","protected":false},"excerpt":{"rendered":"<p>Introducere: &nbsp; Consiliul Norvegian pentru Refugia\u021bi (NRC), o organiza\u021bie umanitar\u0103 interna\u021bional\u0103, \u00een parteneriat cu respectata Asocia\u021bie a Femeilor Antreprenor din Moldova (AFAM), anun\u021b\u0103 lansarea inovatorului program &#8222;Sprijin pentru includerea economic\u0103 [&hellip;]<\/p>","protected":false},"author":1,"featured_media":7972,"comment_status":"closed","ping_status":"closed","sticky":false,"template":"","format":"standard","meta":{"_EventAllDay":false,"_EventTimezone":"","_EventStartDate":"","_EventEndDate":"","_EventStartDateUTC":"","_EventEndDateUTC":"","_EventShowMap":false,"_EventShowMapLink":false,"_EventURL":"","_EventCost":"","_EventCostDescription":"","_EventCurrencySymbol":"","_EventCurrencyCode":"","_EventCurrencyPosition":"","_EventDateTimeSeparator":"","_EventTimeRangeSeparator":"","_EventOrganizerID":[],"_EventVenueID":[],"_OrganizerEmail":"","_OrganizerPhone":"","_OrganizerWebsite":"","_VenueAddress":"","_VenueCity":"","_VenueCountry":"","_VenueProvince":"","_VenueState":"","_VenueZip":"","_VenuePhone":"","_VenueURL":"","_VenueStateProvince":"","_VenueLat":"","_VenueLng":"","_VenueShowMap":false,"_VenueShowMapLink":false,"footnotes":""},"categories":[303],"tags":[],"class_list":["post-86345","post","type-post","status-publish","format-standard","has-post-thumbnail","hentry","category-noutati"],"yoast_head":"<!-- This site is optimized with the Yoast SEO Premium plugin v23.8 (Yoast SEO v25.1) - https:\/\/yoast.com\/wordpress\/plugins\/seo\/ -->\n<title>Chemare La Participare: Programul &quot;Sprijin Pentru Includerea Economic\u0103 \u0218i \u00cent\u0103rirea Autonomiei Refugia\u021bilor \u0218i Comunit\u0103\u021bilor Vulnerabile&quot; - AFAM MD<\/title>\n<meta name=\"robots\" content=\"index, follow, max-snippet:-1, max-image-preview:large, max-video-preview:-1\" \/>\n<link rel=\"canonical\" href=\"https:\/\/afam.md\/en\/chemare-la-participare-programul-sprijin-pentru-includerea-economica-si-intarirea-autonomiei-refugiatilor-si-comunitatilor-vulnerabile\/\" \/>\n<meta property=\"og:locale\" content=\"en_US\" \/>\n<meta property=\"og:type\" content=\"article\" \/>\n<meta property=\"og:title\" content=\"Chemare La Participare: Programul &quot;Sprijin Pentru Includerea Economic\u0103 \u0218i \u00cent\u0103rirea Autonomiei Refugia\u021bilor \u0218i Comunit\u0103\u021bilor Vulnerabile&quot;\" \/>\n<meta property=\"og:description\" content=\"Introducere: &nbsp; Consiliul Norvegian pentru Refugia\u021bi (NRC), o organiza\u021bie umanitar\u0103 interna\u021bional\u0103, \u00een parteneriat cu respectata Asocia\u021bie a Femeilor Antreprenor din Moldova (AFAM), anun\u021b\u0103 lansarea inovatorului program &#8222;Sprijin pentru includerea economic\u0103 [&hellip;]\" \/>\n<meta property=\"og:url\" content=\"https:\/\/afam.md\/en\/chemare-la-participare-programul-sprijin-pentru-includerea-economica-si-intarirea-autonomiei-refugiatilor-si-comunitatilor-vulnerabile\/\" \/>\n<meta property=\"og:site_name\" content=\"AFAM MD\" \/>\n<meta property=\"article:publisher\" content=\"https:\/\/www.facebook.com\/AFAMMoldova\/\" \/>\n<meta property=\"article:published_time\" content=\"2023-08-16T04:18:21+00:00\" \/>\n<meta property=\"article:modified_time\" content=\"2024-10-03T08:16:31+00:00\" \/>\n<meta property=\"og:image\" content=\"https:\/\/afam.md\/wp-content\/uploads\/2023\/08\/\u0432\u0442\u043e\u0440\u0430\u044f-1.png\" \/>\n\t<meta property=\"og:image:width\" content=\"2000\" \/>\n\t<meta property=\"og:image:height\" content=\"1545\" \/>\n\t<meta property=\"og:image:type\" content=\"image\/png\" \/>\n<meta name=\"author\" content=\"AFAM MD\" \/>\n<meta name=\"twitter:card\" content=\"summary_large_image\" \/>\n<meta name=\"twitter:label1\" content=\"Written by\" \/>\n\t<meta name=\"twitter:data1\" content=\"AFAM MD\" \/>\n\t<meta name=\"twitter:label2\" content=\"Est. reading time\" \/>\n\t<meta name=\"twitter:data2\" content=\"5 minutes\" \/>\n<script type=\"application\/ld+json\" class=\"yoast-schema-graph\">{\"@context\":\"https:\/\/schema.org\",\"@graph\":[{\"@type\":\"Article\",\"@id\":\"https:\/\/afam.md\/chemare-la-participare-programul-sprijin-pentru-includerea-economica-si-intarirea-autonomiei-refugiatilor-si-comunitatilor-vulnerabile\/#article\",\"isPartOf\":{\"@id\":\"https:\/\/afam.md\/chemare-la-participare-programul-sprijin-pentru-includerea-economica-si-intarirea-autonomiei-refugiatilor-si-comunitatilor-vulnerabile\/\"},\"author\":{\"name\":\"AFAM MD\",\"@id\":\"https:\/\/afam.md\/en\/#\/schema\/person\/f1e5fae3e1fb398d34fedbe21728cf00\"},\"headline\":\"Chemare La Participare: Programul &#8222;Sprijin Pentru Includerea Economic\u0103 \u0218i \u00cent\u0103rirea Autonomiei Refugia\u021bilor \u0218i Comunit\u0103\u021bilor Vulnerabile&#8221;\",\"datePublished\":\"2023-08-16T04:18:21+00:00\",\"dateModified\":\"2024-10-03T08:16:31+00:00\",\"mainEntityOfPage\":{\"@id\":\"https:\/\/afam.md\/chemare-la-participare-programul-sprijin-pentru-includerea-economica-si-intarirea-autonomiei-refugiatilor-si-comunitatilor-vulnerabile\/\"},\"wordCount\":1027,\"publisher\":{\"@id\":\"https:\/\/afam.md\/en\/#organization\"},\"image\":{\"@id\":\"https:\/\/afam.md\/chemare-la-participare-programul-sprijin-pentru-includerea-economica-si-intarirea-autonomiei-refugiatilor-si-comunitatilor-vulnerabile\/#primaryimage\"},\"thumbnailUrl\":\"https:\/\/afam.md\/wp-content\/uploads\/2023\/08\/\u0432\u0442\u043e\u0440\u0430\u044f-1.png\",\"articleSection\":[\"Nout\u0103\u021bi\"],\"inLanguage\":\"en-US\"},{\"@type\":\"WebPage\",\"@id\":\"https:\/\/afam.md\/chemare-la-participare-programul-sprijin-pentru-includerea-economica-si-intarirea-autonomiei-refugiatilor-si-comunitatilor-vulnerabile\/\",\"url\":\"https:\/\/afam.md\/chemare-la-participare-programul-sprijin-pentru-includerea-economica-si-intarirea-autonomiei-refugiatilor-si-comunitatilor-vulnerabile\/\",\"name\":\"Chemare La Participare: Programul \\\"Sprijin Pentru Includerea Economic\u0103 \u0218i \u00cent\u0103rirea Autonomiei Refugia\u021bilor \u0218i Comunit\u0103\u021bilor Vulnerabile\\\" - AFAM MD\",\"isPartOf\":{\"@id\":\"https:\/\/afam.md\/en\/#website\"},\"primaryImageOfPage\":{\"@id\":\"https:\/\/afam.md\/chemare-la-participare-programul-sprijin-pentru-includerea-economica-si-intarirea-autonomiei-refugiatilor-si-comunitatilor-vulnerabile\/#primaryimage\"},\"image\":{\"@id\":\"https:\/\/afam.md\/chemare-la-participare-programul-sprijin-pentru-includerea-economica-si-intarirea-autonomiei-refugiatilor-si-comunitatilor-vulnerabile\/#primaryimage\"},\"thumbnailUrl\":\"https:\/\/afam.md\/wp-content\/uploads\/2023\/08\/\u0432\u0442\u043e\u0440\u0430\u044f-1.png\",\"datePublished\":\"2023-08-16T04:18:21+00:00\",\"dateModified\":\"2024-10-03T08:16:31+00:00\",\"breadcrumb\":{\"@id\":\"https:\/\/afam.md\/chemare-la-participare-programul-sprijin-pentru-includerea-economica-si-intarirea-autonomiei-refugiatilor-si-comunitatilor-vulnerabile\/#breadcrumb\"},\"inLanguage\":\"en-US\",\"potentialAction\":[{\"@type\":\"ReadAction\",\"target\":[\"https:\/\/afam.md\/chemare-la-participare-programul-sprijin-pentru-includerea-economica-si-intarirea-autonomiei-refugiatilor-si-comunitatilor-vulnerabile\/\"]}]},{\"@type\":\"ImageObject\",\"inLanguage\":\"en-US\",\"@id\":\"https:\/\/afam.md\/chemare-la-participare-programul-sprijin-pentru-includerea-economica-si-intarirea-autonomiei-refugiatilor-si-comunitatilor-vulnerabile\/#primaryimage\",\"url\":\"https:\/\/afam.md\/wp-content\/uploads\/2023\/08\/\u0432\u0442\u043e\u0440\u0430\u044f-1.png\",\"contentUrl\":\"https:\/\/afam.md\/wp-content\/uploads\/2023\/08\/\u0432\u0442\u043e\u0440\u0430\u044f-1.png\",\"width\":2000,\"height\":1545},{\"@type\":\"BreadcrumbList\",\"@id\":\"https:\/\/afam.md\/chemare-la-participare-programul-sprijin-pentru-includerea-economica-si-intarirea-autonomiei-refugiatilor-si-comunitatilor-vulnerabile\/#breadcrumb\",\"itemListElement\":[{\"@type\":\"ListItem\",\"position\":1,\"name\":\"\u0413\u043b\u0430\u0432\u043d\u0430\u044f\",\"item\":\"https:\/\/afam.md\/\"},{\"@type\":\"ListItem\",\"position\":2,\"name\":\"Chemare La Participare: Programul &#8222;Sprijin Pentru Includerea Economic\u0103 \u0218i \u00cent\u0103rirea Autonomiei Refugia\u021bilor \u0218i Comunit\u0103\u021bilor Vulnerabile&#8221;\"}]},{\"@type\":\"WebSite\",\"@id\":\"https:\/\/afam.md\/en\/#website\",\"url\":\"https:\/\/afam.md\/en\/\",\"name\":\"AFAM MD\",\"description\":\"Asocia\u021bia Femeilor Antreprenoare Din Moldova\",\"publisher\":{\"@id\":\"https:\/\/afam.md\/en\/#organization\"},\"potentialAction\":[{\"@type\":\"SearchAction\",\"target\":{\"@type\":\"EntryPoint\",\"urlTemplate\":\"https:\/\/afam.md\/en\/?s={search_term_string}\"},\"query-input\":{\"@type\":\"PropertyValueSpecification\",\"valueRequired\":true,\"valueName\":\"search_term_string\"}}],\"inLanguage\":\"en-US\"},{\"@type\":\"Organization\",\"@id\":\"https:\/\/afam.md\/en\/#organization\",\"name\":\"Asocia\u021bia Femeilor Antreprenoare Din Moldova\",\"alternateName\":\"AFAM\",\"url\":\"https:\/\/afam.md\/en\/\",\"logo\":{\"@type\":\"ImageObject\",\"inLanguage\":\"en-US\",\"@id\":\"https:\/\/afam.md\/en\/#\/schema\/logo\/image\/\",\"url\":\"https:\/\/afam.md\/wp-content\/uploads\/2024\/11\/logo-blue.svg\",\"contentUrl\":\"https:\/\/afam.md\/wp-content\/uploads\/2024\/11\/logo-blue.svg\",\"width\":1874,\"height\":650,\"caption\":\"Asocia\u021bia Femeilor Antreprenoare Din Moldova\"},\"image\":{\"@id\":\"https:\/\/afam.md\/en\/#\/schema\/logo\/image\/\"},\"sameAs\":[\"https:\/\/www.facebook.com\/AFAMMoldova\/\",\"https:\/\/www.instagram.com\/afammoldova\/?hl=en\",\"https:\/\/md.linkedin.com\/in\/afam-moldova-285159174\"],\"email\":\"afammoldova@gmail.com\",\"telephone\":\"(+373) 76 767 670\",\"legalName\":\"Asocia\u021bia Femeilor Antreprenoare Din Moldova\",\"numberOfEmployees\":{\"@type\":\"QuantitativeValue\",\"minValue\":\"51\",\"maxValue\":\"200\"}},{\"@type\":\"Person\",\"@id\":\"https:\/\/afam.md\/en\/#\/schema\/person\/f1e5fae3e1fb398d34fedbe21728cf00\",\"name\":\"AFAM MD\",\"image\":{\"@type\":\"ImageObject\",\"inLanguage\":\"en-US\",\"@id\":\"https:\/\/afam.md\/en\/#\/schema\/person\/image\/\",\"url\":\"https:\/\/afam.md\/wp-content\/litespeed\/avatar\/4b4e67be5fef2abbd79000cd96849830.jpg?ver=1776689026\",\"contentUrl\":\"https:\/\/afam.md\/wp-content\/litespeed\/avatar\/4b4e67be5fef2abbd79000cd96849830.jpg?ver=1776689026\",\"caption\":\"AFAM MD\"},\"sameAs\":[\"https:\/\/afam.md\"]}]}<\/script>\n<!-- \/ Yoast SEO Premium plugin. -->","yoast_head_json":{"title":"Chemare La Participare: Programul \"Sprijin Pentru Includerea Economic\u0103 \u0218i \u00cent\u0103rirea Autonomiei Refugia\u021bilor \u0218i Comunit\u0103\u021bilor Vulnerabile\" - AFAM MD","robots":{"index":"index","follow":"follow","max-snippet":"max-snippet:-1","max-image-preview":"max-image-preview:large","max-video-preview":"max-video-preview:-1"},"canonical":"https:\/\/afam.md\/en\/chemare-la-participare-programul-sprijin-pentru-includerea-economica-si-intarirea-autonomiei-refugiatilor-si-comunitatilor-vulnerabile\/","og_locale":"en_US","og_type":"article","og_title":"Chemare La Participare: Programul \"Sprijin Pentru Includerea Economic\u0103 \u0218i \u00cent\u0103rirea Autonomiei Refugia\u021bilor \u0218i Comunit\u0103\u021bilor Vulnerabile\"","og_description":"Introducere: &nbsp; Consiliul Norvegian pentru Refugia\u021bi (NRC), o organiza\u021bie umanitar\u0103 interna\u021bional\u0103, \u00een parteneriat cu respectata Asocia\u021bie a Femeilor Antreprenor din Moldova (AFAM), anun\u021b\u0103 lansarea inovatorului program &#8222;Sprijin pentru includerea economic\u0103 [&hellip;]","og_url":"https:\/\/afam.md\/en\/chemare-la-participare-programul-sprijin-pentru-includerea-economica-si-intarirea-autonomiei-refugiatilor-si-comunitatilor-vulnerabile\/","og_site_name":"AFAM MD","article_publisher":"https:\/\/www.facebook.com\/AFAMMoldova\/","article_published_time":"2023-08-16T04:18:21+00:00","article_modified_time":"2024-10-03T08:16:31+00:00","og_image":[{"width":2000,"height":1545,"url":"https:\/\/afam.md\/wp-content\/uploads\/2023\/08\/\u0432\u0442\u043e\u0440\u0430\u044f-1.png","type":"image\/png"}],"author":"AFAM MD","twitter_card":"summary_large_image","twitter_misc":{"Written by":"AFAM MD","Est. reading time":"5 minutes"},"schema":{"@context":"https:\/\/schema.org","@graph":[{"@type":"Article","@id":"https:\/\/afam.md\/chemare-la-participare-programul-sprijin-pentru-includerea-economica-si-intarirea-autonomiei-refugiatilor-si-comunitatilor-vulnerabile\/#article","isPartOf":{"@id":"https:\/\/afam.md\/chemare-la-participare-programul-sprijin-pentru-includerea-economica-si-intarirea-autonomiei-refugiatilor-si-comunitatilor-vulnerabile\/"},"author":{"name":"AFAM MD","@id":"https:\/\/afam.md\/en\/#\/schema\/person\/f1e5fae3e1fb398d34fedbe21728cf00"},"headline":"Chemare La Participare: Programul &#8222;Sprijin Pentru Includerea Economic\u0103 \u0218i \u00cent\u0103rirea Autonomiei Refugia\u021bilor \u0218i Comunit\u0103\u021bilor Vulnerabile&#8221;","datePublished":"2023-08-16T04:18:21+00:00","dateModified":"2024-10-03T08:16:31+00:00","mainEntityOfPage":{"@id":"https:\/\/afam.md\/chemare-la-participare-programul-sprijin-pentru-includerea-economica-si-intarirea-autonomiei-refugiatilor-si-comunitatilor-vulnerabile\/"},"wordCount":1027,"publisher":{"@id":"https:\/\/afam.md\/en\/#organization"},"image":{"@id":"https:\/\/afam.md\/chemare-la-participare-programul-sprijin-pentru-includerea-economica-si-intarirea-autonomiei-refugiatilor-si-comunitatilor-vulnerabile\/#primaryimage"},"thumbnailUrl":"https:\/\/afam.md\/wp-content\/uploads\/2023\/08\/\u0432\u0442\u043e\u0440\u0430\u044f-1.png","articleSection":["Nout\u0103\u021bi"],"inLanguage":"en-US"},{"@type":"WebPage","@id":"https:\/\/afam.md\/chemare-la-participare-programul-sprijin-pentru-includerea-economica-si-intarirea-autonomiei-refugiatilor-si-comunitatilor-vulnerabile\/","url":"https:\/\/afam.md\/chemare-la-participare-programul-sprijin-pentru-includerea-economica-si-intarirea-autonomiei-refugiatilor-si-comunitatilor-vulnerabile\/","name":"Chemare La Participare: Programul \"Sprijin Pentru Includerea Economic\u0103 \u0218i \u00cent\u0103rirea Autonomiei Refugia\u021bilor \u0218i Comunit\u0103\u021bilor Vulnerabile\" - AFAM MD","isPartOf":{"@id":"https:\/\/afam.md\/en\/#website"},"primaryImageOfPage":{"@id":"https:\/\/afam.md\/chemare-la-participare-programul-sprijin-pentru-includerea-economica-si-intarirea-autonomiei-refugiatilor-si-comunitatilor-vulnerabile\/#primaryimage"},"image":{"@id":"https:\/\/afam.md\/chemare-la-participare-programul-sprijin-pentru-includerea-economica-si-intarirea-autonomiei-refugiatilor-si-comunitatilor-vulnerabile\/#primaryimage"},"thumbnailUrl":"https:\/\/afam.md\/wp-content\/uploads\/2023\/08\/\u0432\u0442\u043e\u0440\u0430\u044f-1.png","datePublished":"2023-08-16T04:18:21+00:00","dateModified":"2024-10-03T08:16:31+00:00","breadcrumb":{"@id":"https:\/\/afam.md\/chemare-la-participare-programul-sprijin-pentru-includerea-economica-si-intarirea-autonomiei-refugiatilor-si-comunitatilor-vulnerabile\/#breadcrumb"},"inLanguage":"en-US","potentialAction":[{"@type":"ReadAction","target":["https:\/\/afam.md\/chemare-la-participare-programul-sprijin-pentru-includerea-economica-si-intarirea-autonomiei-refugiatilor-si-comunitatilor-vulnerabile\/"]}]},{"@type":"ImageObject","inLanguage":"en-US","@id":"https:\/\/afam.md\/chemare-la-participare-programul-sprijin-pentru-includerea-economica-si-intarirea-autonomiei-refugiatilor-si-comunitatilor-vulnerabile\/#primaryimage","url":"https:\/\/afam.md\/wp-content\/uploads\/2023\/08\/\u0432\u0442\u043e\u0440\u0430\u044f-1.png","contentUrl":"https:\/\/afam.md\/wp-content\/uploads\/2023\/08\/\u0432\u0442\u043e\u0440\u0430\u044f-1.png","width":2000,"height":1545},{"@type":"BreadcrumbList","@id":"https:\/\/afam.md\/chemare-la-participare-programul-sprijin-pentru-includerea-economica-si-intarirea-autonomiei-refugiatilor-si-comunitatilor-vulnerabile\/#breadcrumb","itemListElement":[{"@type":"ListItem","position":1,"name":"\u0413\u043b\u0430\u0432\u043d\u0430\u044f","item":"https:\/\/afam.md\/"},{"@type":"ListItem","position":2,"name":"Chemare La Participare: Programul &#8222;Sprijin Pentru Includerea Economic\u0103 \u0218i \u00cent\u0103rirea Autonomiei Refugia\u021bilor \u0218i Comunit\u0103\u021bilor Vulnerabile&#8221;"}]},{"@type":"WebSite","@id":"https:\/\/afam.md\/en\/#website","url":"https:\/\/afam.md\/en\/","name":"AFAM MD","description":"Asocia\u021bia Femeilor Antreprenoare Din Moldova","publisher":{"@id":"https:\/\/afam.md\/en\/#organization"},"potentialAction":[{"@type":"SearchAction","target":{"@type":"EntryPoint","urlTemplate":"https:\/\/afam.md\/en\/?s={search_term_string}"},"query-input":{"@type":"PropertyValueSpecification","valueRequired":true,"valueName":"search_term_string"}}],"inLanguage":"en-US"},{"@type":"Organization","@id":"https:\/\/afam.md\/en\/#organization","name":"Asocia\u021bia Femeilor Antreprenoare Din Moldova","alternateName":"AFAM","url":"https:\/\/afam.md\/en\/","logo":{"@type":"ImageObject","inLanguage":"en-US","@id":"https:\/\/afam.md\/en\/#\/schema\/logo\/image\/","url":"https:\/\/afam.md\/wp-content\/uploads\/2024\/11\/logo-blue.svg","contentUrl":"https:\/\/afam.md\/wp-content\/uploads\/2024\/11\/logo-blue.svg","width":1874,"height":650,"caption":"Asocia\u021bia Femeilor Antreprenoare Din Moldova"},"image":{"@id":"https:\/\/afam.md\/en\/#\/schema\/logo\/image\/"},"sameAs":["https:\/\/www.facebook.com\/AFAMMoldova\/","https:\/\/www.instagram.com\/afammoldova\/?hl=en","https:\/\/md.linkedin.com\/in\/afam-moldova-285159174"],"email":"afammoldova@gmail.com","telephone":"(+373) 76 767 670","legalName":"Asocia\u021bia Femeilor Antreprenoare Din Moldova","numberOfEmployees":{"@type":"QuantitativeValue","minValue":"51","maxValue":"200"}},{"@type":"Person","@id":"https:\/\/afam.md\/en\/#\/schema\/person\/f1e5fae3e1fb398d34fedbe21728cf00","name":"AFAM MD","image":{"@type":"ImageObject","inLanguage":"en-US","@id":"https:\/\/afam.md\/en\/#\/schema\/person\/image\/","url":"https:\/\/afam.md\/wp-content\/litespeed\/avatar\/4b4e67be5fef2abbd79000cd96849830.jpg?ver=1776689026","contentUrl":"https:\/\/afam.md\/wp-content\/litespeed\/avatar\/4b4e67be5fef2abbd79000cd96849830.jpg?ver=1776689026","caption":"AFAM MD"},"sameAs":["https:\/\/afam.md"]}]}},"_links":{"self":[{"href":"https:\/\/afam.md\/en\/wp-json\/wp\/v2\/posts\/86345","targetHints":{"allow":["GET"]}}],"collection":[{"href":"https:\/\/afam.md\/en\/wp-json\/wp\/v2\/posts"}],"about":[{"href":"https:\/\/afam.md\/en\/wp-json\/wp\/v2\/types\/post"}],"author":[{"embeddable":true,"href":"https:\/\/afam.md\/en\/wp-json\/wp\/v2\/users\/1"}],"replies":[{"embeddable":true,"href":"https:\/\/afam.md\/en\/wp-json\/wp\/v2\/comments?post=86345"}],"version-history":[{"count":0,"href":"https:\/\/afam.md\/en\/wp-json\/wp\/v2\/posts\/86345\/revisions"}],"wp:featuredmedia":[{"embeddable":true,"href":"https:\/\/afam.md\/en\/wp-json\/wp\/v2\/media\/7972"}],"wp:attachment":[{"href":"https:\/\/afam.md\/en\/wp-json\/wp\/v2\/media?parent=86345"}],"wp:term":[{"taxonomy":"category","embeddable":true,"href":"https:\/\/afam.md\/en\/wp-json\/wp\/v2\/categories?post=86345"},{"taxonomy":"post_tag","embeddable":true,"href":"https:\/\/afam.md\/en\/wp-json\/wp\/v2\/tags?post=86345"}],"curies":[{"name":"wp","href":"https:\/\/api.w.org\/{rel}","templated":true}]}}