{"id":92846,"date":"2024-11-19T23:40:00","date_gmt":"2024-11-19T21:40:00","guid":{"rendered":"https:\/\/afam.md\/?p=92846"},"modified":"2024-11-21T15:07:03","modified_gmt":"2024-11-21T13:07:03","slug":"visul-prinde-aripi-3-0-leadership-prin-innovatie-22-11-2024","status":"publish","type":"post","link":"https:\/\/afam.md\/en\/visul-prinde-aripi-3-0-leadership-prin-innovatie-22-11-2024\/","title":{"rendered":"Visul Prinde Aripi 3.0 &#8211; Leadership prin Innova\u021bie 22.11.2024"},"content":{"rendered":"<div data-elementor-type=\"wp-post\" data-elementor-id=\"92846\" class=\"elementor elementor-92846\" data-elementor-post-type=\"post\">\n\t\t\t\t<div class=\"elementor-element elementor-element-100297c1 e-flex e-con-boxed e-con e-parent\" data-id=\"100297c1\" data-element_type=\"container\">\n\t\t\t\t\t<div class=\"e-con-inner\">\n\t\t\t\t<div class=\"elementor-element elementor-element-1e84bb7 elementor-widget elementor-widget-text-editor\" data-id=\"1e84bb7\" data-element_type=\"widget\" data-widget_type=\"text-editor.default\">\n\t\t\t\t<div class=\"elementor-widget-container\">\n\t\t\t\t\t\t\t\t\t<p>De un deceniu, Asocia\u021bia Femeilor Antreprenoare din Moldova (AFAM) sus\u021bine \u0219i promoveaz\u0103 antreprenoriatul feminin, consolid\u00e2nd \u00eencrederea, rezilien\u021ba \u0219i spiritul inovator al femeilor din Republica Moldova.<\/p>\n<p><!-- \/wp:paragraph --><\/p>\n<p><!-- wp:paragraph --><\/p>\n<p>\u00centr-o perioad\u0103 marcat\u0103 de schimb\u0103ri \u0219i noi perspective, anul 2024 \u00eel dedic\u0103m inova\u021biei \u2013 cheia pentru dezvoltarea sustenabil\u0103 \u0219i succesul afacerilor.<\/p>\n<p><!-- \/wp:paragraph --><\/p>\n<p><!-- wp:paragraph --><\/p>\n<p><strong>&#8222;Visul Prinde Aripi 3.0 &#8211; Leadership prin Inova\u021bie&#8221;<\/strong>, este cea de-a treia edi\u021bie a evenimentului emblematic al AFAM \u0219i promite s\u0103 fie un catalizator pentru idei, colabor\u0103ri \u0219i inspira\u021bie.<\/p>\n<p><!-- \/wp:paragraph --><\/p>\n<p><!-- wp:paragraph --><\/p>\n<p><strong>Programul conferin\u021bei include:<\/strong><\/p>\n<p><!-- \/wp:paragraph --><\/p>\n<p><!-- wp:list --><\/p>\n<ul class=\"wp-block-list\">\n<li style=\"list-style-type: none;\">\n<ul class=\"wp-block-list\"><!-- wp:list-item --><p><\/p>\n<li>Istorii inspira\u021bionale ale unor femei antreprenoare de succes;<\/li>\n<\/ul>\n<\/li>\n<\/ul>\n<p><!-- \/wp:list-item --><\/p>\n<p><!-- wp:list-item --><\/p>\n<ul class=\"wp-block-list\">\n<li style=\"list-style-type: none;\">\n<ul class=\"wp-block-list\">\n<li>Workshop-uri interactive sus\u021binute de exper\u021bi interna\u021bionali de top;<\/li>\n<\/ul>\n<\/li>\n<\/ul>\n<p><!-- \/wp:list-item --><\/p>\n<p><!-- wp:list-item --><\/p>\n<ul class=\"wp-block-list\">\n<li style=\"list-style-type: none;\">\n<ul class=\"wp-block-list\">\n<li>Paneluri de discu\u021bii cu lideri locali \u0219i parteneri strategici;<\/li>\n<\/ul>\n<\/li>\n<\/ul>\n<p><!-- \/wp:list-item --><\/p>\n<p><!-- wp:list-item --><\/p>\n<ul class=\"wp-block-list\">\n<li style=\"list-style-type: none;\">\n<ul class=\"wp-block-list\">\n<li>Surprize exclusive, \u00eentr-un mediu dedicat inova\u021biei \u0219i networking-ului de calitate.<\/li>\n<\/ul>\n<\/li>\n<\/ul>\n<p><!-- \/wp:list-item --><\/p>\n<p><!-- \/wp:list --><\/p>\n<p><!-- wp:heading {\"level\":6} --><\/p>\n<h6 id=\"h-descarca-agenda-evenimentului\" class=\"wp-block-heading\"><a href=\"https:\/\/afam.md\/wp-content\/uploads\/2024\/11\/agenda-visul-prinde-aripi-3.0-final.pdf\">Descarc\u0103 agenda evenimentului<\/a><\/h6>\n<p><!-- \/wp:heading --><\/p>\n<p><!-- wp:paragraph --><\/p>\n<p><strong>Data:<\/strong> 22 noiembrie 2024<br><strong>Ora:<\/strong> 14:00<br><strong>Loca\u021bie:<\/strong> GLIA Impact Hub, Chi\u0219in\u0103u<br><strong>Contact:<\/strong> <a href=\"mailto:afammoldova@gmail.com\">afammoldova@gmail.com<\/a><br><strong>Telefon:<\/strong> +373 (76) 76 76 70<\/p>\n<p><!-- \/wp:paragraph --><\/p>\n<p><!-- wp:paragraph --><\/p>\n<p>\u00cempreun\u0103, construim o comunitate mai puternic\u0103 \u0219i mai inovatoare de femei antreprenoare!<\/p>\n<p><!-- \/wp:paragraph --><\/p>\n<p><!-- wp:paragraph --><\/p>\n<p><strong>AFAM \u2013 Cre\u0103m oportunit\u0103\u021bi, sus\u021binem visuri, inspir\u0103m genera\u021bii.<\/strong><\/p>\n<p><!-- \/wp:paragraph --><\/p>\n<p><!-- wp:heading {\"textAlign\":\"center\",\"level\":5,\"style\":{\"elements\":{\"link\":{\"color\":{\"text\":\"var:preset|color|secondary\"}}}},\"textColor\":\"secondary\"} --><\/p>\n<h5 id=\"h-vezi-participan\u021bii-conferin\u021bei\" class=\"wp-block-heading has-text-align-center has-secondary-color has-text-color has-link-color\"><strong>VEZI PARTICIPAN\u021aII CONFERIN\u021aEI<\/strong><\/h5>\n<p><!-- \/wp:heading --><\/p>\n<p><!-- wp:image {\"id\":92835,\"align\":\"center\"} --><\/p>\n<figure class=\"wp-block-image aligncenter\"><img decoding=\"async\" class=\"wp-image-92835\" src=\"https:\/\/afam-md.crazytest.ru\/wp-content\/uploads\/2024\/11\/CAROLINA-BUGAIAN-300x300.jpeg\" alt=\"\"><\/figure>\n<p><!-- \/wp:image --><\/p>\n<p><!-- wp:heading {\"textAlign\":\"center\",\"level\":6,\"style\":{\"elements\":{\"link\":{\"color\":{\"text\":\"var:preset|color|secondary\"}}}},\"textColor\":\"secondary\"} --><\/p>\n<h6 id=\"h-carolina-bugaian\" class=\"wp-block-heading has-text-align-center has-secondary-color has-text-color has-link-color\"><strong>Carolina Bugaian<\/strong><\/h6>\n<p><!-- \/wp:heading --><\/p>\n<p><!-- wp:paragraph {\"align\":\"center\"} --><\/p>\n<p class=\"has-text-align-center\"><strong>Membr\u0103 fondatoare AFAM , Pre\u0219edinta Consiliului AFAM, Directoare General\u0103 Moldcell S.A.<\/strong><\/p>\n<p><!-- \/wp:paragraph --><\/p>\n<p><!-- wp:paragraph --><\/p>\n<p>Doamna Carolina Bugaian este Directorul General Moldcell. Anterior Director Financiar Moldcell \u0219i Ncell \u00een Nepal. A activat \u00een departamentul de audit a companiei PWC. Prezint\u0103 o vast\u0103 experien\u021b\u0103 \u00een domeniile telecomunica\u021biilor, managementului financiar, a guvernan\u021bei corporative, managementului proiectelor, auditului financiar, \u00een Moldova, Rom\u00e2nia, Rusia, Nepal \u0219i alte \u021b\u0103ri din Eurasia. Este un promotor al dezvolt\u0103rii economice prin intermediul abilit\u0103rii economice a femeilor \u0219i educa\u021biei. Este membr\u0103 a consiliului Asocia\u021biei Investitorilor Str\u0103ini, Asocia\u021biei Businessului European, Pre\u0219edinta Consiliului Funda\u021biei Est-Europene \u0219i membr\u0103 a consiliului facult\u0103\u021bii Rela\u021biilor Economice Interna\u021bionale, ASEM.<\/p>\n<p><!-- \/wp:paragraph --><\/p>\n<p><!-- wp:paragraph --><\/p>\n<p><!-- \/wp:paragraph --><\/p>\n<p><!-- wp:heading {\"textAlign\":\"center\",\"level\":3} --><\/p>\n<h3 id=\"h-\" class=\"wp-block-heading has-text-align-center\"><img loading=\"lazy\" decoding=\"async\" class=\"alignnone wp-image-92988 size-full\" src=\"https:\/\/afam.md\/wp-content\/uploads\/2024\/11\/d.alaiba.png\" alt=\"\" width=\"352\" height=\"398\" srcset=\"https:\/\/afam.md\/wp-content\/uploads\/2024\/11\/d.alaiba.png 352w, https:\/\/afam.md\/wp-content\/uploads\/2024\/11\/d.alaiba-11x12.png 11w, https:\/\/afam.md\/wp-content\/uploads\/2024\/11\/d.alaiba-200x226.png 200w\" sizes=\"auto, (max-width: 352px) 100vw, 352px\" \/><\/h3>\n<p><!-- \/wp:heading --><\/p>\n<p><!-- wp:heading {\"textAlign\":\"center\",\"level\":6,\"style\":{\"elements\":{\"link\":{\"color\":{\"text\":\"var:preset|color|secondary\"}}}},\"textColor\":\"secondary\"} --><\/p>\n<h6 id=\"h-dorin-recean\" class=\"wp-block-heading has-text-align-center has-secondary-color has-text-color has-link-color\"><strong><br><\/strong><\/h6><h6 id=\"h-dorin-recean\" class=\"wp-block-heading has-text-align-center has-secondary-color has-text-color has-link-color\"><strong>Dumitru Alaiba<\/strong><\/h6>\n<p><!-- \/wp:heading --><\/p>\n<p><!-- wp:paragraph {\"align\":\"center\"} --><\/p>\n<p class=\"has-text-align-center\"><strong>Vice-premier, Ministru Dezvolt\u0103rii Economice \u0219i Digitaliz\u0103rii<\/strong><\/p>\n<p><!-- \/wp:paragraph --><\/p>\n<p><!-- wp:paragraph --><\/p>\n<p>Domnul Dumitru Alaiba este viceprim-ministru, ministrul Dezvolt\u0103rii Economice \u0219i Digitaliz\u0103rii. Anterior a fost deputat \u00een Parlamentul Republicii Moldova \u00een calitate de pre\u0219edinte al Comisiei parlamentare pentru economie, buget \u0219i finan\u021be. \u0218i-a \u00eenceput cariera \u00een domeniul consultan\u021bei interna\u021bionale, dup\u0103 care, tocmai ce un guvern proeuropean a intrat \u00een func\u021bie, s-a \u00eentors \u00een Moldova pentru a se al\u0103tura serviciului public. \u00cen 2013, a \u00eenfiin\u021bat Consiliul Economic al prim- ministrului, o ini\u021biativ\u0103 sus\u021binut\u0103 de Banca European\u0103 pentru Reconstruc\u021bie \u0219i Dezvoltare &#8211; o unitate din cadrul biroului prim-ministrului care s\u0103 militeze pentru o dereglementare mai rapid\u0103, transparen\u021ba mediului de afaceri \u0219i s\u0103 pledeze pentru drepturile antreprenorilor.<br>Dl Alaiba a co-fondat CPR Moldova, un ONG de supraveghere anticorup\u021bie care a devenit rapid unul dintre cele mai vocale \u0219i active ONG-uri din Moldova. Dl Alaiba a studiat la Universitatea de \u0218tiin\u021be Aplicate din Rovaniemi, Rovaniemi, Finlanda \u0219i a ob\u021binut o diplom\u0103 de studii postuniversitare \u00een &#8222;Managementul proiectelor interna\u021bionale&#8221; \u0219i la Academia de Studii Economice, Chi\u0219in\u0103u, Moldova, ca licen\u021biat \u00een finan\u021be, specializarea \u00een domeniul bancar \u0219i al burselor de valori.<\/p>\n<p><!-- \/wp:paragraph --><\/p>\n<p><!-- wp:heading {\"textAlign\":\"center\",\"level\":3} --><\/p>\n<h3 id=\"h-\" class=\"wp-block-heading has-text-align-center\"><img decoding=\"async\" src=\"https:\/\/afam-md.crazytest.ru\/wp-content\/uploads\/2024\/11\/Daniela-300x300.jpeg\" alt=\"\"><\/h3>\n<p><!-- \/wp:heading --><\/p>\n<p><!-- wp:heading {\"textAlign\":\"center\",\"level\":6,\"style\":{\"elements\":{\"link\":{\"color\":{\"text\":\"var:preset|color|secondary\"}}}},\"textColor\":\"secondary\"} --><\/p>\n<h6 id=\"h-daniela-dipierro\" class=\"wp-block-heading has-text-align-center has-secondary-color has-text-color has-link-color\"><strong>Daniela DiPierro<\/strong><\/h6>\n<p><!-- \/wp:heading --><\/p>\n<p><!-- wp:paragraph {\"align\":\"center\"} --><\/p>\n<p class=\"has-text-align-center\"><strong>\u00cens\u0103rcinat cu Afaceri la Ambasada SUA \u00een Republica Moldova<\/strong><\/p>\n<p><!-- \/wp:paragraph --><\/p>\n<p><!-- wp:paragraph --><\/p>\n<p>Daniela DiPierro este \u00cens\u0103rcinatul cu Afaceri a.i. al Ambasadei SUA \u00een Moldova \u0219i membru de carier\u0103 al Serviciului Diplomatic. \u00cenainte de aceast\u0103 misiune, a absolvit Colegiul Na\u021bional de R\u0103zboi cu o diplom\u0103 de Master \u00een \u0218tiin\u021be \u00een Strategia de Securitate Na\u021bional\u0103. Anterior studiilor la colegiul de r\u0103zboi, a servit ca consilier politic la Departamentul Ap\u0103r\u0103rii al SUA. Daniela a lucrat anterior la ambasadele SUA din Ottawa, Canada; Kabul, Afganistan; Manama, Bahrain; \u0219i la consulatele SUA din Ciudad Juarez, Mexic, \u0219i Napoli, Italia. \u00cen Washington, a activat \u00een roluri de gestionare a crizelor \u00een cadrul Biroului pentru Afaceri Consulare.<\/p>\n<p><!-- \/wp:paragraph --><\/p>\n<p><!-- wp:heading {\"textAlign\":\"center\",\"level\":3} --><\/p>\n<h3 id=\"h-\" class=\"wp-block-heading has-text-align-center\"><img loading=\"lazy\" decoding=\"async\" src=\"https:\/\/afam-md.crazytest.ru\/wp-content\/uploads\/2024\/11\/Stratan-300x300.jpeg\" alt=\"\" width=\"500\" height=\"333\"><\/h3>\n<p><!-- \/wp:heading --><\/p>\n<p><!-- wp:heading {\"textAlign\":\"center\",\"level\":6,\"style\":{\"elements\":{\"link\":{\"color\":{\"text\":\"var:preset|color|secondary\"}}}},\"textColor\":\"secondary\"} --><\/p>\n<h6 id=\"h-alexandru-stratan\" class=\"wp-block-heading has-text-align-center has-secondary-color has-text-color has-link-color\"><strong>Alexandru Stratan<\/strong><\/h6>\n<p><!-- \/wp:heading --><\/p>\n<p><!-- wp:paragraph {\"align\":\"center\"} --><\/p>\n<p class=\"has-text-align-center\"><strong>Rector al Academiei de Studii Economice din Moldova<\/strong><\/p>\n<p><!-- \/wp:paragraph --><\/p>\n<p><!-- wp:paragraph --><\/p>\n<p>Mr. Alexandru Stratan is the Rector of the Academy of Economic Studies of Moldova, bringing over 27 years of experience in both public and private sectors, as well as in international institutions. He previously served as Director of the National Institute for Economic Research and the Institute of Economy, Finance, and Statistics in Moldova. His academic credentials include a Doctor Habilitatus in Economics and a university professorship. Dr. Stratan has been active in numerous international research projects and has authored over 200 publications in economics. Additionally, he holds memberships in various economic councils and scientific associations. Fluent in Romanian, Russian, English, and French, Dr. Stratan has contributed significantly to economic policy and academic development in Moldova and abroad.<\/p>\n<p><!-- \/wp:paragraph --><\/p>\n<p><!-- wp:heading {\"textAlign\":\"center\",\"level\":3} --><\/p>\n<h3 id=\"h-\" class=\"wp-block-heading has-text-align-center\"><img loading=\"lazy\" decoding=\"async\" src=\"https:\/\/afam-md.crazytest.ru\/wp-content\/uploads\/2024\/11\/Emilianova-300x300.jpeg\" alt=\"\" width=\"500\" height=\"667\"><\/h3>\n<p><!-- \/wp:heading --><\/p>\n<p><!-- wp:heading {\"textAlign\":\"center\",\"level\":6,\"style\":{\"elements\":{\"link\":{\"color\":{\"text\":\"var:preset|color|secondary\"}}}},\"textColor\":\"secondary\"} --><\/p>\n<h6 id=\"h-zinaida-emilianova\" class=\"wp-block-heading has-text-align-center has-secondary-color has-text-color has-link-color\"><strong>Zinaida Emilianova<\/strong><\/h6>\n<p><!-- \/wp:heading --><\/p>\n<p><!-- wp:paragraph {\"align\":\"center\"} --><\/p>\n<p class=\"has-text-align-center\"><strong>Directoare Agen\u021bia de Inovare \u0219i Dezvoltare, Tiraspol<\/strong><\/p>\n<p><!-- \/wp:paragraph --><\/p>\n<p><!-- wp:paragraph --><\/p>\n<p>Dna. Zinaida Emelianova este Directoarea Agen\u021biei pentru Inovare \u0219i Dezvoltare, cu 5 ani de experien\u021b\u0103 \u00een managementul proiectelor, mentorat de afaceri \u0219i formator. \u00cen calitatea sa de director, contribuie la dezvoltarea \u00eentreprinderilor mici \u0219i mijlocii, a startup-urilor \u0219i a antreprenoriatului social, prin organizarea \u0219i desf\u0103\u0219urarea de traininguri, consult\u0103ri, sprijin de coaching, lobby \u0219i advocacy etc. Anterior, a ocupat o pozi\u021bie de manager de proiect axat\u0103 \u00een principal pe leadership-ul feminin.<\/p>\n<p><!-- \/wp:paragraph --><\/p>\n<p><!-- wp:heading {\"textAlign\":\"center\",\"level\":3} --><\/p>\n<h3 id=\"h-\" class=\"wp-block-heading has-text-align-center\"><img loading=\"lazy\" decoding=\"async\" src=\"https:\/\/afam-md.crazytest.ru\/wp-content\/uploads\/2024\/11\/Emanuela--300x300.jpeg\" alt=\"\" width=\"500\" height=\"667\"><\/h3>\n<p><!-- \/wp:heading --><\/p>\n<p><!-- wp:heading {\"textAlign\":\"center\",\"level\":6,\"style\":{\"elements\":{\"link\":{\"color\":{\"text\":\"var:preset|color|secondary\"}}}},\"textColor\":\"secondary\"} --><\/p>\n<h6 id=\"h-manuela-stamatovic\" class=\"wp-block-heading has-text-align-center has-secondary-color has-text-color has-link-color\"><strong>Manuela Stamatovic<\/strong><\/h6>\n<p><!-- \/wp:heading --><\/p>\n<p><!-- wp:paragraph {\"align\":\"center\"} --><\/p>\n<p class=\"has-text-align-center\"><strong>Fondatoare \u0219i Directoare General\u0103 Puzzle Consulting, Membra Consiliului Asocia\u021bia Femeilor de Afaceri din Serbia<\/strong><\/p>\n<p><!-- \/wp:paragraph --><\/p>\n<p><!-- wp:paragraph --><\/p>\n<p>Manuela Stamatovic este consilier\u0103 \u00een domeniul afacerii \u0219i management, lector\u0103 universitar\u0103 \u00een domeniul de marketing \u0219i mentor\u0103 cu peste 20 de ani de experien\u021b\u0103 profesional\u0103 \u00een domeniul bunurilor de larg consum, produse cosmetice, b\u0103nci \u0219i avia\u021bie. Este fondatoare \u0219i CEO al Puzzle Consulting, o firm\u0103 de consultan\u021b\u0103 de tip boutique destinat\u0103 \u00eentreprinderilor mici \u0219i mijlocii \u00een domeniul consultan\u021bei \u00een afaceri, brand \u0219i marketing. Este membr\u0103 a consiliului de administra\u021bie al Asocia\u021biei Femeilor de Afaceri din Serbia, cea mai mare organiza\u021bie na\u021bional\u0103 pentru femeile care de\u021bin afaceri, unde a implementat ini\u021biativa e-ABW pentru antreprenoarele din sfera digital\u0103, cu scopul principal de a consolida baza de membri a Asocia\u021biei \u0219i de a moderniza opera\u021biunile, cu un accent deosebit pe economia digital\u0103.<\/p>\n<p><!-- \/wp:paragraph --><\/p>\n<p><!-- wp:heading {\"textAlign\":\"center\",\"level\":3} --><\/p>\n<h3 id=\"h-\" class=\"wp-block-heading has-text-align-center\"><img loading=\"lazy\" decoding=\"async\" src=\"https:\/\/afam-md.crazytest.ru\/wp-content\/uploads\/2024\/11\/Antonina-Pacek.jpg\" alt=\"\" width=\"350\" height=\"334\"><\/h3>\n<p><!-- \/wp:heading --><\/p>\n<p><!-- wp:heading {\"textAlign\":\"center\",\"level\":6,\"style\":{\"elements\":{\"link\":{\"color\":{\"text\":\"var:preset|color|secondary\"}}}},\"textColor\":\"secondary\"} --><\/p>\n<h6 id=\"h-antonina-pacek\" class=\"wp-block-heading has-text-align-center has-secondary-color has-text-color has-link-color\"><strong>Antonina Pacek<\/strong><\/h6>\n<p><!-- \/wp:heading --><\/p>\n<p><!-- wp:paragraph {\"align\":\"center\"} --><\/p>\n<p class=\"has-text-align-center\"><strong>Fondatoare Imagino, Inspire Innovation, Croa\u021bia<\/strong><\/p>\n<p><!-- \/wp:paragraph --><\/p>\n<p><!-- wp:paragraph --><\/p>\n<p>Antonija Pacek este psiholog, consultant \u0219i compozitoare de muzic\u0103 neoclasic\u0103, stabilit\u0103 \u00een Viena, av\u00e2nd 27 de ani de experien\u021b\u0103 \u00een consultan\u021b\u0103 \u0219i predare. De\u021bine un master \u00een psihologie de la Universitatea Cambridge \u0219i a lucrat ca \u0219i consultant pentru companii importante, inclusiv Hewitt Associates \u0219i Centre for Creative Leadership, specializ\u00e2ndu-se \u00een leadership, motiva\u021bie \u0219i inova\u021bie.<br>Din 2011, este implicat\u0103 \u00een afacerea de familie, Global Success Advisors, unde a creat IMAGINO\u00ae, un instrument unic de evaluare care m\u0103soar\u0103 creativitatea individual\u0103 \u0219i climatul de inova\u021bie din companii. Antonija pred\u0103, de asemenea, la dou\u0103 universit\u0103\u021bi private din Austria \u0219i sus\u021bine cursuri pentru Duke Corporate Education.<br>Ca muzician, Antonija a lansat \u0219ase albume de muzic\u0103 neoclasic\u0103 pentru pian \u0219i a sus\u021binut concerte \u00een Italia, Austria, Germania \u0219i Emiratele Arabe Unite. Muzica ei are aproape un milion de ascult\u0103ri pe Spotify, iar ea a performat pe scene prestigioase, precum Auditorium Parco della Musica din Roma. De asemenea, este speaker motiva\u021bional reprezentat de London Speaker Bureau.<\/p>\n<p><!-- \/wp:paragraph --><\/p>\n<p><!-- wp:heading {\"textAlign\":\"center\",\"level\":5,\"style\":{\"elements\":{\"link\":{\"color\":{\"text\":\"var:preset|color|secondary\"}}}},\"textColor\":\"secondary\"} --><\/p>\n<h5 id=\"h-sesiunea-1-istorii-din-via\u021ba-puterea-inova\u021biilor\" class=\"wp-block-heading has-text-align-center has-secondary-color has-text-color has-link-color\"><strong>Sesiunea 1: Istorii din via\u021b\u0103. Puterea Inova\u021biilor.<\/strong><\/h5>\n<p><!-- \/wp:heading --><\/p>\n<p><!-- wp:image {\"id\":92855,\"align\":\"center\"} --><\/p>\n<figure class=\"wp-block-image aligncenter\"><img decoding=\"async\" class=\"wp-image-92855\" src=\"https:\/\/afam-md.crazytest.ru\/wp-content\/uploads\/2024\/11\/Ana-Groza-300x300.jpg\" alt=\"\"><\/figure>\n<p><!-- \/wp:image --><\/p>\n<p><!-- wp:heading {\"textAlign\":\"center\",\"level\":6,\"style\":{\"elements\":{\"link\":{\"color\":{\"text\":\"var:preset|color|secondary\"}}}},\"textColor\":\"secondary\"} --><\/p>\n<h6 id=\"h-ana-groza\" class=\"wp-block-heading has-text-align-center has-secondary-color has-text-color has-link-color\"><strong>The Ana Group<\/strong><\/h6>\n<p><!-- \/wp:heading --><\/p>\n<p><!-- wp:paragraph {\"align\":\"center\"} --><\/p>\n<p class=\"has-text-align-center\"><strong>Asocia\u021bia Intestitorilor Str\u0103ini din Moldova<\/strong><\/p>\n<p><!-- \/wp:paragraph --><\/p>\n<p><!-- wp:paragraph --><\/p>\n<p>Doamna Ana Groza este Director Executiv la Asocia\u021bia&nbsp;Investitorilor Str\u0103ini.<br>Ana Groza este avocat de profesie, ob\u021bin\u00e2nd diplom\u0103 de licen\u021b\u0103&nbsp;\u0219i master la Universitatea de Stat din Moldova, Facultatea de&nbsp;Drept.<br>Are experien\u021b\u0103 de munc\u0103 ca func\u021bionar public \u00een Ministerul&nbsp;Finan\u021belor \u0219i Cancelaria de Stat, fiind \u00een acela\u0219i timp implicat\u0103 \u00een&nbsp;proiecte \u0219i programe interna\u021bionale, ceea ce \u00eei permite s\u0103&nbsp;reprezinte\/voce interesele investitorilor str\u0103ini \u0219i s\u0103 negocieze cu<br>reprezentan\u021bii diferitelor autorit\u0103\u021bi publice. ini\u021biative legislative&nbsp;care vizeaz\u0103 \u00eembun\u0103t\u0103\u021birea climatului investi\u021bional din \u021bar\u0103.&nbsp;\u00cen calitate de reprezentant FIA, Ana activeaz\u0103 pe platformele de&nbsp;dialog direct cu autorit\u0103\u021bile publice, fiind coordonatorul Grupului&nbsp;de Lucru 3 al Consiliului Economic cu Prim-ministrul \u201eAtragerea<br>\u0219i men\u021binerea investi\u021biilor private\u201d.<\/p>\n<p><!-- \/wp:paragraph --><\/p>\n<p><!-- wp:image {\"id\":92856,\"align\":\"center\"} --><\/p>\n<figure class=\"wp-block-image aligncenter\"><img decoding=\"async\" class=\"wp-image-92856\" src=\"https:\/\/afam-md.crazytest.ru\/wp-content\/uploads\/2024\/11\/BUMBU-MARIA-BMGROUP-300x300.jpeg\" alt=\"\"><\/figure>\n<p><!-- \/wp:image --><\/p>\n<p><!-- wp:heading {\"textAlign\":\"center\",\"level\":6,\"style\":{\"elements\":{\"link\":{\"color\":{\"text\":\"var:preset|color|secondary\"}}}},\"textColor\":\"secondary\"} --><\/p>\n<h6 id=\"h-maria-bumbu\" class=\"wp-block-heading has-text-align-center has-secondary-color has-text-color has-link-color\"><strong>Maria Bumbu<\/strong><\/h6>\n<p><!-- \/wp:heading --><\/p>\n<p><!-- wp:paragraph {\"align\":\"center\"} --><\/p>\n<p class=\"has-text-align-center\"><strong>Entrepreneur, Founder of BMGROUP, Member of AFAM Board<\/strong><\/p>\n<p><!-- \/wp:paragraph --><\/p>\n<p><!-- wp:paragraph --><\/p>\n<p>Doamna Maria Bumbu este antreprenoare cu o experien\u021b\u0103 solid\u0103 \u00een domeniul de antreprenoriat. marketing.&nbsp;\u00cempreun\u0103 cu so\u021bul, conduce BMGROUP un grup de companii, specializate \u00een produc\u021bia de publicitate BM PUBLIC &#8211; Fabrica de publicitate, Iluminare festiv\u0103 \u0219i arhitectural\u0103 Ghirlande.md, \u0219i produc\u021bia de cadouri ecologice Magdalene Woodbag. Este c\u00e2\u0219tig\u0103toarea unei investi\u021bii de 200.000 de euro \u00een cadrul emisiunii &#8222;Imperiul Leilor&#8221;, ProTV Rom\u00e2nia, prin care a lansat cu succes fabrica Magdalene Woodbag, specializat\u0103 \u00een produc\u021bia de gentu\u021be \u0219i cadouri eco din lemn.<br>De\u021bine dou\u0103 diplome universitare \u00een contabilitate, precum finan\u021be \u0219i b\u0103nci de Universitatea Liber\u0103 Interna\u021bional\u0103.<\/p>\n<p><!-- \/wp:paragraph --><\/p>\n<p><!-- wp:image {\"id\":92857,\"align\":\"center\"} --><\/p>\n<figure class=\"wp-block-image aligncenter\"><img decoding=\"async\" class=\"wp-image-92857\" src=\"https:\/\/afam-md.crazytest.ru\/wp-content\/uploads\/2024\/11\/Cristina-Cujba-Antreprenoare-Fondatoare-Privilege-Tuxedo--300x300.jpeg\" alt=\"\"><\/figure>\n<p><!-- \/wp:image --><\/p>\n<p><!-- wp:heading {\"textAlign\":\"center\",\"level\":6,\"style\":{\"elements\":{\"link\":{\"color\":{\"text\":\"var:preset|color|secondary\"}}}},\"textColor\":\"secondary\"} --><\/p>\n<h6 id=\"h-cristina-cujba\" class=\"wp-block-heading has-text-align-center has-secondary-color has-text-color has-link-color\"><strong>Cristina Cujb\u0103<\/strong><\/h6>\n<p><!-- \/wp:heading --><\/p>\n<p><!-- wp:paragraph {\"align\":\"center\"} --><\/p>\n<p class=\"has-text-align-center\"><strong>Entrepreneur , Founder Temelia<\/strong><\/p>\n<p><!-- \/wp:paragraph --><\/p>\n<p><!-- wp:paragraph --><\/p>\n<p>Dna. Cristina Cujb\u0103 este o antreprenoare moldovean\u0103 cu o viziune ambi\u021bioas\u0103 de a construi o afacere durabil\u0103 \u0219i de a avea un impact pozitiv asupra comunit\u0103\u021bii. Cu o experien\u021b\u0103 de 6 ani \u00een antreprenoriat, ea a fondat TEMELIA, o fabric\u0103 de prelucrare a de\u0219eurilor textile \u0219i de h\u00e2rtie \u00een mobilier pentru copii. Misiunea Cristinei este s\u0103 descopere \u0219i s\u0103 creeze lucruri noi, s\u0103 construiasc\u0103 o afacere de succes \u0219i s\u0103 g\u0103seasc\u0103 un echilibru \u00eentre via\u021ba profesional\u0103 \u0219i cea personal\u0103. Ea \u00ee\u0219i dore\u0219te s\u0103 fie un model pentru tineri \u0219i s\u0103 contribuie la dezvoltarea unei comunit\u0103\u021bi mai bune. Viziunea sa pentru urm\u0103torii 5 ani include extinderea afacerii, cre\u0219terea veniturilor \u0219i crearea unui impact social semnificativ prin reducerea de\u0219eurilor \u0219i crearea de locuri de munc\u0103. Cristina \u00ee\u0219i imagineaz\u0103 o \u021bar\u0103 \u00een care toate de\u0219eurile textile sunt reciclate \u0219i transformate \u00een produse utile, iar copiii au acces la mobilier sigur \u0219i durabil.<br>Valorile care o ghideaz\u0103 sunt familia, s\u0103n\u0103tatea, \u00eenv\u0103\u021barea, munca \u0219i responsabilitatea fa\u021b\u0103 de ceilal\u021bi \u0219i fa\u021b\u0103 de mediu.<\/p>\n<p><!-- \/wp:paragraph --><\/p>\n<p><!-- wp:image {\"id\":92858,\"align\":\"center\"} --><\/p>\n<figure class=\"wp-block-image aligncenter\"><img decoding=\"async\" class=\"wp-image-92858\" src=\"https:\/\/afam-md.crazytest.ru\/wp-content\/uploads\/2024\/11\/Ana-Gorea.jpg\" alt=\"\"><\/figure>\n<p><!-- \/wp:image --><\/p>\n<p><!-- wp:heading {\"textAlign\":\"center\",\"level\":6,\"style\":{\"elements\":{\"link\":{\"color\":{\"text\":\"var:preset|color|secondary\"}}}},\"textColor\":\"secondary\"} --><\/p>\n<h6 id=\"h-ana-gorea\" class=\"wp-block-heading has-text-align-center has-secondary-color has-text-color has-link-color\"><strong>- Ana Financial<\/strong><\/h6>\n<p><!-- \/wp:heading --><\/p>\n<p><!-- wp:paragraph {\"align\":\"center\"} --><\/p>\n<p class=\"has-text-align-center\"><strong>Vice-Pre\u0219edinta Consiliului AFAM, Fondatoare \u201cEverest Learning Academy, Presedinta Asociatiei Copiilor cu Boli Rare si Autism \u201cCopiii Ploii\u201d.<\/strong><\/p>\n<p><!-- \/wp:paragraph --><\/p>\n<p><!-- wp:paragraph --><\/p>\n<p>Dna Ana Gorea este Sefa pentru dezvoltarea strategica \u00een Lexico telecom; Fondatoarea Centrului Educational \u201cEverest Learning Academy\u201d, Presedinta Consiliului de Administrate a Asociatiei Copiilor cu Boli Rare \u0219i Autism, Vice-Pre\u0219edinta grupului de lucru pentru Abilitarea Economica a Femeilor in cadrul Consiliului Economic de pe langa Prim-ministrul RM.<br>Are o experienta vasta \u00een domeniul telecomunicatiilor lucr\u00e2nd preponderent \u00een regiunile CSI, Europa, Orientul Mijlociu ducand negocieri alaturi de companii precum Deutsche Telecom, Telecom Romania, Etisalat, Turkcell, Ukrtelecom, , Uzbektelecom, TNS Kazakhstan etc.<br>Doamna Gorea are o Diploma de Magistru \u00een Relatii Internationale \u2013 Studii Politice Regionale, o Diploma de Magistru \u00een Limbi Straine; practicile de stat in cadrul Ministerului Afacerilor Interne si Integrarii Europene precum \u0219i Guvernul Republicii Moldova. Doamna Gorea mai de\u021bine varii certificate de absolvire a cursurilor organizate de diverse organizatii locale \u0219i internationale in domeniul politicii \u0219i multiple diplome pentru activitatea sociala, precum \u0219i titlul de Ambasador ULIM si este implicata in actiuni de caritate pentru copiii cu boli rare si autism.<\/p>\n<p><!-- \/wp:paragraph --><\/p>\n<p><!-- wp:image {\"id\":92859,\"align\":\"center\"} --><\/p>\n<figure class=\"wp-block-image aligncenter\"><img decoding=\"async\" class=\"wp-image-92859\" src=\"https:\/\/afam-md.crazytest.ru\/wp-content\/uploads\/2024\/11\/Olesea-Nistor.png\" alt=\"\"><\/figure>\n<p><!-- \/wp:image --><\/p>\n<p><!-- wp:heading {\"textAlign\":\"center\",\"level\":6,\"style\":{\"elements\":{\"link\":{\"color\":{\"text\":\"var:preset|color|secondary\"}}}},\"textColor\":\"secondary\"} --><\/p>\n<h6 id=\"h-olesea-nistor\" class=\"wp-block-heading has-text-align-center has-secondary-color has-text-color has-link-color\"><strong>Olesea Nistor<\/strong><\/h6>\n<p><!-- \/wp:heading --><\/p>\n<p><!-- wp:paragraph {\"align\":\"center\"} --><\/p>\n<p class=\"has-text-align-center\"><strong>Entreprenuer, Founder Wild Mind English<\/strong><\/p>\n<p><!-- \/wp:paragraph --><\/p>\n<p><!-- wp:paragraph --><\/p>\n<p>Dna. Olesea Nistor este fondatoarea Wild Mind English, o \u0219coal\u0103 inovatoare dedicat\u0103 \u00eenv\u0103\u021b\u0103rii limbii engleze pentru copii prin STEAM, metode creative \u0219i tehnologii moderne. Cu peste 10 ani de experien\u021b\u0103 \u00een design, programare \u0219i educa\u021bie, Olesea a creat programe interactive care includ VR, jocuri educative \u0219i anima\u021bie pentru a transforma \u00eenv\u0103\u021barea \u00eentr-o experien\u021b\u0103 captivant\u0103 \u0219i practic\u0103. Programele Wild Mind English sunt adaptate nevoilor fiec\u0103rui copil, folosind inteligen\u021ba artificial\u0103 \u0219i echipamente de ultim\u0103 genera\u021bie, iar \u0219coala ofer\u0103 cursuri pentru copii cu v\u00e2rste cuprinse \u00eentre 4 \u0219i 10 ani, at\u00e2t online, c\u00e2t \u0219i offline.<\/p>\n<p><!-- \/wp:paragraph --><\/p>\n<p><!-- wp:image {\"id\":92860,\"align\":\"center\"} --><\/p>\n<figure class=\"wp-block-image aligncenter\"><img decoding=\"async\" class=\"wp-image-92860\" src=\"https:\/\/afam-md.crazytest.ru\/wp-content\/uploads\/2024\/11\/Alexandra-Kislov.jpg\" alt=\"\"><\/figure>\n<p><!-- \/wp:image --><\/p>\n<p><!-- wp:heading {\"textAlign\":\"center\",\"level\":6,\"style\":{\"elements\":{\"link\":{\"color\":{\"text\":\"var:preset|color|secondary\"}}}},\"textColor\":\"secondary\"} --><\/p>\n<h6 id=\"h-alexandra-kislov\" class=\"wp-block-heading has-text-align-center has-secondary-color has-text-color has-link-color\"><strong>Alexandra Kislov<\/strong><\/h6>\n<p><!-- \/wp:heading --><\/p>\n<p><!-- wp:paragraph {\"align\":\"center\"} --><\/p>\n<p class=\"has-text-align-center\"><strong>Antreprenoare, Fondatoare vin\u0103ria Kislov<\/strong><\/p>\n<p><!-- \/wp:paragraph --><\/p>\n<p><!-- wp:paragraph --><\/p>\n<p>Dna. Alexandra Kislov este o t\u00e2n\u0103r\u0103 antreprenoare din satul G\u00eesca, Transnistria, care a transformat pasiunea familiei pentru vinifica\u021bie \u00eentr-o afacere de succes. Inspirat\u0103 de viele str\u0103-str\u0103bunicii lor, a \u00eenfiin\u021bat Crama Kislov \u00een curtea p\u0103rin\u021bilor, combin\u00e2nd metodele tradi\u021bionale \u0219i moderne de vinifica\u021bie. \u00cen 2022, a primit un grant din partea Uniunii Europene pentru a moderniza crama, achizi\u021bion\u00e2nd echipamente avansate pentru \u00eembun\u0103t\u0103\u021birea calit\u0103\u021bii \u0219i produc\u021biei vinului. Pentru a atrage vizitatori, ofer\u0103 experien\u021be unice, cum ar fi degust\u0103ri de vin, tururi ale viei \u0219i proiec\u021bii de film \u00een aer liber. Cu angajamentul s\u0103u fa\u021b\u0103 de calitate \u0219i inova\u021bie, Crama Kislov are toate \u0219ansele s\u0103 prospere pe pia\u021ba competitiv\u0103 a vinului din Moldova.<\/p>\n<p><!-- \/wp:paragraph --><\/p>\n<p><!-- wp:image {\"id\":92861,\"align\":\"center\"} --><\/p>\n<figure class=\"wp-block-image aligncenter\"><img decoding=\"async\" class=\"wp-image-92861\" src=\"https:\/\/afam-md.crazytest.ru\/wp-content\/uploads\/2024\/11\/Veronica-Arpintin-Secretar-de-Stat-Fondatoare-AFAM-.jpeg\" alt=\"\"><\/figure>\n<p><!-- \/wp:image --><\/p>\n<p><!-- wp:heading {\"textAlign\":\"center\",\"level\":6,\"style\":{\"elements\":{\"link\":{\"color\":{\"text\":\"var:preset|color|secondary\"}}}},\"textColor\":\"secondary\"} --><\/p>\n<h6 id=\"h-veronica-arpintin\" class=\"wp-block-heading has-text-align-center has-secondary-color has-text-color has-link-color\"><strong>Veronica Arpintin<\/strong><\/h6>\n<p><!-- \/wp:heading --><\/p>\n<p><!-- wp:paragraph {\"align\":\"center\"} --><\/p>\n<p class=\"has-text-align-center\"><strong>Secretar de Stat Ministerul Dezvolt\u0103rii Economice \u0219i Digitaliz\u0103rii, Membr\u0103 fondatoare AFAM<\/strong><\/p>\n<p><!-- \/wp:paragraph --><\/p>\n<p><!-- wp:paragraph --><\/p>\n<p>Doamna Veronica Arpintin laeste secretar de stat la Ministerul Dezvolt\u0103rii Economice \u0219i Digitaliz\u0103rii. Anterior a administrat echipa Consuntan\u021b\u0103 \u00een Afaceri ai BERD \u00een Moldova din 2009, axat\u0103 pe facilitarea cre\u0219terii \u0219i Access la finan\u021bare a \u00ceMM. Veronica a mai activat \u0219i \u00een cadrul Ministerului Economiei, Organiza\u021bia de Promovare a Exportului din Moldova, precum \u0219i o vin\u0103rie privat\u0103. Doamna Arpintin promoveaz\u0103 activ abilitarea economic\u0103 a femeilor precum \u0219i trecerea la economie verde pentru un viitor sustenabil \u0219i inclusiv. Este reprezentant\u0103 \u00een Republica Moldova OFA UGIR (Organiza\u021bia femeilor antreprenoare parte a Uniunii Industria\u0219ilor din Romania). Veronica este membr\u0103 activ\u0103 a Comunit\u0103\u021bii femeilor ucrainene din Republica Moldova (CFUM), care promoveaz\u0103 cultura ucrainean\u0103, \u0219i este implicat\u0103 \u00een sus\u021binerea refugia\u021bilor din Ucraina.<br>Doamna Arpintin este licen\u021biat\u0103 \u00een Rela\u021bii Economice Interna\u021bionale de la Academia de Studii Economice din Moldova; Masterat \u00een Rela\u021bii Interna\u021bionale de la Academia de administra\u021bie publica, precum \u0219i Diploma \u00een Comer\u021b \u0219i Finan\u021be Interna\u021bionale de la Academy de Export EBSI.<\/p>\n<p><!-- \/wp:paragraph --><\/p>\n<p><!-- wp:image {\"id\":92863,\"align\":\"center\"} --><\/p>\n<figure class=\"wp-block-image aligncenter\"><img decoding=\"async\" class=\"wp-image-92863\" src=\"https:\/\/afam-md.crazytest.ru\/wp-content\/uploads\/2024\/11\/Vadim-Codreanu.jpg\" alt=\"\"><\/figure>\n<p><!-- \/wp:image --><\/p>\n<p><!-- wp:heading {\"textAlign\":\"center\",\"level\":6,\"style\":{\"elements\":{\"link\":{\"color\":{\"text\":\"var:preset|color|secondary\"}}}},\"textColor\":\"secondary\"} --><\/p>\n<h6 id=\"h-vadim-codreanu\" class=\"wp-block-heading has-text-align-center has-secondary-color has-text-color has-link-color\"><strong>Vadim Codreanu<\/strong><\/h6>\n<p><!-- \/wp:heading --><\/p>\n<p><!-- wp:paragraph {\"align\":\"center\"} --><\/p>\n<p class=\"has-text-align-center\"><strong>Director Organiza\u021bia de Dezvoltare a Antreprenoriatului<\/strong><\/p>\n<p><!-- \/wp:paragraph --><\/p>\n<p><!-- wp:paragraph --><\/p>\n<p>Domnul Vadim Codreanu are o vast\u0103 expertiz\u0103 \u00een managementul \u0219i dezvoltarea afacerilor, av\u00e2nd un solid background at\u00e2t \u00een sectorul public, c\u00e2t \u0219i \u00een cel privat. \u00cen ultimii doi ani, a ocupat func\u021bia de Director de Proiecte la Agen\u021bia pentru Dezvoltarea \u0219i Modernizarea Agriculturii. De asemenea, a furnizat servicii de consultan\u021b\u0103 ca expert \u00een inova\u021bii pentru proiectul \u201eTehnologiile Viitorului\u201d, finan\u021bat de USAID \u0219i Chemonics, precum \u0219i pentru Berlin Economics. De-a lungul carierei sale, Vadim a lucrat ca Expert Senior \u00een proiecte finan\u021bate de Uniunea European\u0103 \u0219i alte ini\u021biative interna\u021bionale, inclusiv \u00een colaborare cu Delega\u021bia Uniunii Europene \u00een Republica Moldova. Printre realiz\u0103rile sale importante se num\u0103r\u0103 dezvoltarea conceptului unui parc \u0219tiin\u021bific \u0219i de inova\u021bii \u00een sectorul agricol din Moldova.<br>Domnul Vadim Codreanu este absolvent al Academiei de Studii Economice \u0219i a finalizat programul Universit\u0103\u021bii Central Europene din Viena, Austria, cu specializare \u00een Management Executiv Global.<\/p>\n<p><!-- \/wp:paragraph --><\/p>\n<p><!-- wp:image {\"id\":92867,\"align\":\"center\"} --><\/p>\n<figure class=\"wp-block-image aligncenter\"><img decoding=\"async\" class=\"wp-image-92867\" src=\"https:\/\/afam-md.crazytest.ru\/wp-content\/uploads\/2024\/11\/Dominika.jpeg\" alt=\"\"><\/figure>\n<p><!-- \/wp:image --><\/p>\n<p><!-- wp:heading {\"textAlign\":\"center\",\"level\":6,\"style\":{\"elements\":{\"link\":{\"color\":{\"text\":\"var:preset|color|secondary\"}}}},\"textColor\":\"secondary\"} --><\/p>\n<h6 id=\"h-dominika-stojanoska\" class=\"wp-block-heading has-text-align-center has-secondary-color has-text-color has-link-color\"><strong>Dominika STOJANOSKA<\/strong><\/h6>\n<p><!-- \/wp:heading --><\/p>\n<p><!-- wp:paragraph {\"align\":\"center\"} --><\/p>\n<p class=\"has-text-align-center\"><strong>Reprezentanta UN WOMEN Moldova<\/strong><\/p>\n<p><!-- \/wp:paragraph --><\/p>\n<p><!-- wp:paragraph --><\/p>\n<p>Excelen\u021ba Sa, Doamna Dominika Stojanoska, este reprezenta UN Women \u00een Moldova din august 2020.<br>\u00cenainte de a se al\u0103tura biroului de \u021bar\u0103 al UN Women Moldova, Dominika a lucrat \u00een Ucraina, unde a gestionat portofoliul de programe al UN Women \u00een estul Ucrainei \u00eentre 2018-2020 \u0219i a ocupat func\u021bia de \u0219ef\u0103 de birou ad-interim din ianuarie p\u00e2n\u0103 \u00een iulie 2020. Cariera lui Dominika \u00een cadrul UNIFEM\/UN Women a \u00eenceput \u00een Macedonia de Nord, unde a fost \u0219ef\u0103 de birou timp de mai bine de 7 ani. Dominika are o experien\u021b\u0103 profesional\u0103 de peste 15 ani \u00een domeniul dezvolt\u0103rii, al drepturilor omului \u0219i al egalit\u0103\u021bii de gen.<br>\u0218i-a \u00eenceput experien\u021ba profesional\u0103 la Institutul pentru Europa Central\u0103 \u0219i de Est al Universit\u0103\u021bii din Bologna \u00een 2001 \u0219i a gestionat proiecte axate pe cooperarea interuniversitar\u0103 \u00een cadrul Ini\u021biativei Adriatice Ioniene, promovat\u0103 \u00een cadrul Pactului de Stabilitate al UE pentru Europa de Sud-Est. Dominika este licen\u021biat\u0103 \u00een \u0219tiin\u021be politice \u0219i de\u021bine un doctorat \u00een rela\u021bii interna\u021bionale \u0219i politici de dezvoltare durabil\u0103, cu cercet\u0103ri privind genul \u0219i dezvoltarea.<br>Este macedoneanc\u0103 de origine \u0219i vorbe\u0219te limbile englez\u0103, italian\u0103, francez\u0103 \u0219i s\u00e2rb\u0103.<\/p>\n<p><!-- \/wp:paragraph --><\/p>\n<p><!-- wp:image {\"id\":92868,\"align\":\"center\"} --><\/p>\n<figure class=\"wp-block-image aligncenter\"><img decoding=\"async\" class=\"wp-image-92868\" src=\"https:\/\/afam-md.crazytest.ru\/wp-content\/uploads\/2024\/11\/Doina-Nistor.png\" alt=\"\"><\/figure>\n<p><!-- \/wp:image --><\/p>\n<p><!-- wp:heading {\"textAlign\":\"center\",\"level\":6,\"style\":{\"elements\":{\"link\":{\"color\":{\"text\":\"var:preset|color|secondary\"}}}},\"textColor\":\"secondary\"} --><\/p>\n<h6 id=\"h-doina-nistor\" class=\"wp-block-heading has-text-align-center has-secondary-color has-text-color has-link-color\"><strong>Doina Nistor<\/strong><\/h6>\n<p><!-- \/wp:heading --><\/p>\n<p><!-- wp:paragraph {\"align\":\"center\"} --><\/p>\n<p class=\"has-text-align-center\"><strong>Director Chemonics Moldova<\/strong><\/p>\n<p><!-- \/wp:paragraph --><\/p>\n<p><!-- wp:paragraph --><\/p>\n<p>Dna. Doina Nistor este o profesionist\u0103 \u00een dezvoltarea antreprenoriatului \u0219i competitivitate, cu peste 15 ani de experien\u021b\u0103 relevant\u0103 \u00een consultan\u021b\u0103, management \u0219i dezvoltare economic\u0103. \u00cen calitate de \u0219ef al echipei pentru Proiectul de Competitivitate USAID Moldova, dezvolt\u0103 \u0219i coordoneaz\u0103 ini\u021biative majore \u00een industriile vinului, turismului, modei \u0219i produc\u021biei, tehnologiilor informa\u021biei \u0219i comunica\u021biilor, precum \u0219i serviciilor creative. De asemenea, Doina a fost \u0219ef al echipei pentru Proiectul USAID Moldova de \u00cembun\u0103t\u0103\u021bire a Competitivit\u0103\u021bii \u0219i Dezvoltare a Antreprenoriatului II. Ea este fondatoarea \u0219i fosta pre\u0219edint\u0103 a ONG-ului Business Advisory Services, conduc\u00e2nd ini\u021biative de dezvoltare economic\u0103 rural\u0103 \u0219i sus\u021bin\u00e2nd dezvoltarea diverselor industrii din Moldova prin consiliere de afaceri pe teme de planificare strategic\u0103, eficien\u021b\u0103 opera\u021bional\u0103, management financiar \u0219i finan\u021bare din surse externe. \u00cen plus, are experien\u021b\u0103 cu comunitatea donatorilor, av\u00e2nd rolul de manager al task-ului pentru programul de credit ipotecar finan\u021bat de USAID, dezvolt\u00e2nd o strategie pentru schemele de garantare a creditelor \u00een Moldova pentru Banca Mondial\u0103 \u0219i realiz\u00e2nd numeroase evalu\u0103ri pentru agen\u021biile donatoare.<\/p>\n<p><!-- \/wp:paragraph --><\/p>\n<p><!-- wp:image {\"id\":92870,\"align\":\"center\"} --><\/p>\n<figure class=\"wp-block-image aligncenter\"><img decoding=\"async\" class=\"wp-image-92870\" src=\"https:\/\/afam-md.crazytest.ru\/wp-content\/uploads\/2024\/11\/Iurie-Usurelu-Director-IFAD-Moldova-.jpeg\" alt=\"\"><\/figure>\n<p><!-- \/wp:image --><\/p>\n<p><!-- wp:heading {\"textAlign\":\"center\",\"level\":6,\"style\":{\"elements\":{\"link\":{\"color\":{\"text\":\"var:preset|color|secondary\"}}}},\"textColor\":\"secondary\"} --><\/p>\n<h6 id=\"h-iurie-u\u0219urelu\" class=\"wp-block-heading has-text-align-center has-secondary-color has-text-color has-link-color\"><strong>Iurie U\u0219urelu<\/strong><\/h6>\n<p><!-- \/wp:heading --><\/p>\n<p><!-- wp:paragraph {\"align\":\"center\"} --><\/p>\n<p class=\"has-text-align-center\"><strong>Director IFAD Moldova<\/strong><\/p>\n<p><!-- \/wp:paragraph --><\/p>\n<p><!-- wp:paragraph --><\/p>\n<p>Dl. Iurie U\u0219urelu are o experien\u021b\u0103 \u00een managementul sectorului agricol de peste 25 ani. De-a lungul timpului a de\u021binut mai multe func\u021bii de conducere \u00een structurile de stat \u0219i \u00een organiza\u021bii interna\u021bionale, fiind implicat \u00een diverse proiecte finan\u021bate de BERD, PNUD, USAID, IFAD, Banca Mondial\u0103 \u0219i Comisia European\u0103. Din anul 2017 p\u00e2n\u0103 \u00een 2019 a de\u021binut func\u021bia de Secretar General al Ministerului Agriculturii, Dezvolt\u0103rii Regionale \u0219i Mediului.<\/p>\n<p><!-- \/wp:paragraph --><\/p>\n<p><!-- wp:image {\"id\":92871,\"align\":\"center\"} --><\/p>\n<figure class=\"wp-block-image aligncenter\"><img decoding=\"async\" class=\"wp-image-92871\" src=\"https:\/\/afam-md.crazytest.ru\/wp-content\/uploads\/2024\/11\/WhatsApp-Image-2024-11-18-at-16.36.04.jpeg\" alt=\"\"><\/figure>\n<p><!-- \/wp:image --><\/p>\n<p><!-- wp:heading {\"textAlign\":\"center\",\"level\":6,\"style\":{\"elements\":{\"link\":{\"color\":{\"text\":\"var:preset|color|secondary\"}}}},\"textColor\":\"secondary\"} --><\/p>\n<h6 id=\"h-daniela-reinisch\" class=\"wp-block-heading has-text-align-center has-secondary-color has-text-color has-link-color\"><strong>Daniela Reinisch<\/strong><\/h6>\n<p><!-- \/wp:heading --><\/p>\n<p><!-- wp:paragraph {\"align\":\"center\"} --><\/p>\n<p class=\"has-text-align-center\"><strong>Director Camera de Comer\u021b din Croa\u021bia, HGK oficiul din Republia Austria<\/strong><\/p>\n<p><!-- \/wp:paragraph --><\/p>\n<p><!-- wp:paragraph {\"placeholder\":\"\u0414\u043e\u0431\u0430\u0432\u0438\u0442\u044c \u043e\u043f\u0438\u0441\u0430\u043d\u0438\u0435...\"} --><\/p>\n<p>Doamna Daniela Reinisch este directorul Reprezentan\u021bei Camerei de Comer\u021b Croate \u00een Austria (HGK). Cu un accent pe \u00eent\u0103rirea leg\u0103turilor economice dintre Austria \u0219i Croa\u021bia, ea a organizat numeroase evenimente, precum ateliere \u0219i sesiuni de formare pentru a sprijini afaceri. Sub conducerea ei, HGK a facilitat oportunit\u0103\u021bi de investi\u021bii, \u00een special \u00een turism, \u0219i a ajutat IMM-urile cu intrarea pe pia\u021b\u0103 \u0219i procesele legale. \u00cen prezent, lucreaz\u0103 la ini\u021biative pentru sus\u021binerea revenirii expatria\u021bilor croa\u021bi \u00een \u021bara lor \u0219i planific\u0103 extinderea activit\u0103\u021bilor HGK \u00een Austria.<\/p>\t\t\t\t\t\t\t\t<\/div>\n\t\t\t\t<\/div>\n\t\t\t\t\t<\/div>\n\t\t\t\t<\/div>\n\t\t\t\t<\/div>","protected":false},"excerpt":{"rendered":"<p>De un deceniu, Asocia\u021bia Femeilor Antreprenoare din Moldova (AFAM) sus\u021bine \u0219i promoveaz\u0103 antreprenoriatul feminin, consolid\u00e2nd \u00eencrederea, rezilien\u021ba \u0219i spiritul inovator al femeilor din Republica Moldova. \u00centr-o perioad\u0103 marcat\u0103 de schimb\u0103ri [&hellip;]<\/p>","protected":false},"author":1,"featured_media":92833,"comment_status":"close","ping_status":"closed","sticky":false,"template":"","format":"standard","meta":{"_EventAllDay":false,"_EventTimezone":"","_EventStartDate":"","_EventEndDate":"","_EventStartDateUTC":"","_EventEndDateUTC":"","_EventShowMap":false,"_EventShowMapLink":false,"_EventURL":"","_EventCost":"","_EventCostDescription":"","_EventCurrencySymbol":"","_EventCurrencyCode":"","_EventCurrencyPosition":"","_EventDateTimeSeparator":"","_EventTimeRangeSeparator":"","_EventOrganizerID":[],"_EventVenueID":[],"_OrganizerEmail":"","_OrganizerPhone":"","_OrganizerWebsite":"","_VenueAddress":"","_VenueCity":"","_VenueCountry":"","_VenueProvince":"","_VenueState":"","_VenueZip":"","_VenuePhone":"","_VenueURL":"","_VenueStateProvince":"","_VenueLat":"","_VenueLng":"","_VenueShowMap":false,"_VenueShowMapLink":false,"footnotes":""},"categories":[382],"tags":[],"class_list":["post-92846","post","type-post","status-publish","format-standard","has-post-thumbnail","hentry","category-conferinta-nationala-afam"],"yoast_head":"<!-- This site is optimized with the Yoast SEO Premium plugin v23.8 (Yoast SEO v25.1) - https:\/\/yoast.com\/wordpress\/plugins\/seo\/ -->\n<title>Visul Prinde Aripi 3.0 - Leadership prin Innova\u021bie 22.11.2024 - AFAM MD<\/title>\n<meta name=\"robots\" content=\"index, follow, max-snippet:-1, max-image-preview:large, max-video-preview:-1\" \/>\n<link rel=\"canonical\" href=\"https:\/\/afam.md\/en\/visul-prinde-aripi-3-0-leadership-prin-innovatie-22-11-2024\/\" \/>\n<meta property=\"og:locale\" content=\"en_US\" \/>\n<meta property=\"og:type\" content=\"article\" \/>\n<meta property=\"og:title\" content=\"Visul Prinde Aripi 3.0 - Leadership prin Innova\u021bie 22.11.2024\" \/>\n<meta property=\"og:description\" content=\"De un deceniu, Asocia\u021bia Femeilor Antreprenoare din Moldova (AFAM) sus\u021bine \u0219i promoveaz\u0103 antreprenoriatul feminin, consolid\u00e2nd \u00eencrederea, rezilien\u021ba \u0219i spiritul inovator al femeilor din Republica Moldova. \u00centr-o perioad\u0103 marcat\u0103 de schimb\u0103ri [&hellip;]\" \/>\n<meta property=\"og:url\" content=\"https:\/\/afam.md\/en\/visul-prinde-aripi-3-0-leadership-prin-innovatie-22-11-2024\/\" \/>\n<meta property=\"og:site_name\" content=\"AFAM MD\" \/>\n<meta property=\"article:publisher\" content=\"https:\/\/www.facebook.com\/AFAMMoldova\/\" \/>\n<meta property=\"article:published_time\" content=\"2024-11-19T21:40:00+00:00\" \/>\n<meta property=\"article:modified_time\" content=\"2024-11-21T13:07:03+00:00\" \/>\n<meta property=\"og:image\" content=\"https:\/\/afam.md\/wp-content\/uploads\/2024\/11\/IMG_20241118_115848_358.png\" \/>\n\t<meta property=\"og:image:width\" content=\"1640\" \/>\n\t<meta property=\"og:image:height\" content=\"700\" \/>\n\t<meta property=\"og:image:type\" content=\"image\/png\" \/>\n<meta name=\"author\" content=\"AFAM MD\" \/>\n<meta name=\"twitter:card\" content=\"summary_large_image\" \/>\n<meta name=\"twitter:label1\" content=\"Written by\" \/>\n\t<meta name=\"twitter:data1\" content=\"AFAM MD\" \/>\n\t<meta name=\"twitter:label2\" content=\"Est. reading time\" \/>\n\t<meta name=\"twitter:data2\" content=\"19 minutes\" \/>\n<script type=\"application\/ld+json\" class=\"yoast-schema-graph\">{\"@context\":\"https:\/\/schema.org\",\"@graph\":[{\"@type\":\"Article\",\"@id\":\"https:\/\/afam.md\/visul-prinde-aripi-3-0-leadership-prin-innovatie-22-11-2024\/#article\",\"isPartOf\":{\"@id\":\"https:\/\/afam.md\/visul-prinde-aripi-3-0-leadership-prin-innovatie-22-11-2024\/\"},\"author\":{\"name\":\"AFAM MD\",\"@id\":\"https:\/\/afam.md\/en\/#\/schema\/person\/f1e5fae3e1fb398d34fedbe21728cf00\"},\"headline\":\"Visul Prinde Aripi 3.0 &#8211; Leadership prin Innova\u021bie 22.11.2024\",\"datePublished\":\"2024-11-19T21:40:00+00:00\",\"dateModified\":\"2024-11-21T13:07:03+00:00\",\"mainEntityOfPage\":{\"@id\":\"https:\/\/afam.md\/visul-prinde-aripi-3-0-leadership-prin-innovatie-22-11-2024\/\"},\"wordCount\":2977,\"publisher\":{\"@id\":\"https:\/\/afam.md\/en\/#organization\"},\"image\":{\"@id\":\"https:\/\/afam.md\/visul-prinde-aripi-3-0-leadership-prin-innovatie-22-11-2024\/#primaryimage\"},\"thumbnailUrl\":\"https:\/\/afam.md\/wp-content\/uploads\/2024\/11\/IMG_20241118_115848_358.png\",\"articleSection\":[\"Conferin\u021ba anual\u0103 Visul prinde aripi\"],\"inLanguage\":\"en-US\"},{\"@type\":\"WebPage\",\"@id\":\"https:\/\/afam.md\/visul-prinde-aripi-3-0-leadership-prin-innovatie-22-11-2024\/\",\"url\":\"https:\/\/afam.md\/visul-prinde-aripi-3-0-leadership-prin-innovatie-22-11-2024\/\",\"name\":\"Visul Prinde Aripi 3.0 - Leadership prin Innova\u021bie 22.11.2024 - AFAM MD\",\"isPartOf\":{\"@id\":\"https:\/\/afam.md\/en\/#website\"},\"primaryImageOfPage\":{\"@id\":\"https:\/\/afam.md\/visul-prinde-aripi-3-0-leadership-prin-innovatie-22-11-2024\/#primaryimage\"},\"image\":{\"@id\":\"https:\/\/afam.md\/visul-prinde-aripi-3-0-leadership-prin-innovatie-22-11-2024\/#primaryimage\"},\"thumbnailUrl\":\"https:\/\/afam.md\/wp-content\/uploads\/2024\/11\/IMG_20241118_115848_358.png\",\"datePublished\":\"2024-11-19T21:40:00+00:00\",\"dateModified\":\"2024-11-21T13:07:03+00:00\",\"breadcrumb\":{\"@id\":\"https:\/\/afam.md\/visul-prinde-aripi-3-0-leadership-prin-innovatie-22-11-2024\/#breadcrumb\"},\"inLanguage\":\"en-US\",\"potentialAction\":[{\"@type\":\"ReadAction\",\"target\":[\"https:\/\/afam.md\/visul-prinde-aripi-3-0-leadership-prin-innovatie-22-11-2024\/\"]}]},{\"@type\":\"ImageObject\",\"inLanguage\":\"en-US\",\"@id\":\"https:\/\/afam.md\/visul-prinde-aripi-3-0-leadership-prin-innovatie-22-11-2024\/#primaryimage\",\"url\":\"https:\/\/afam.md\/wp-content\/uploads\/2024\/11\/IMG_20241118_115848_358.png\",\"contentUrl\":\"https:\/\/afam.md\/wp-content\/uploads\/2024\/11\/IMG_20241118_115848_358.png\",\"width\":1640,\"height\":700},{\"@type\":\"BreadcrumbList\",\"@id\":\"https:\/\/afam.md\/visul-prinde-aripi-3-0-leadership-prin-innovatie-22-11-2024\/#breadcrumb\",\"itemListElement\":[{\"@type\":\"ListItem\",\"position\":1,\"name\":\"\u0413\u043b\u0430\u0432\u043d\u0430\u044f\",\"item\":\"https:\/\/afam.md\/\"},{\"@type\":\"ListItem\",\"position\":2,\"name\":\"Visul Prinde Aripi 3.0 &#8211; Leadership prin Innova\u021bie 22.11.2024\"}]},{\"@type\":\"WebSite\",\"@id\":\"https:\/\/afam.md\/en\/#website\",\"url\":\"https:\/\/afam.md\/en\/\",\"name\":\"AFAM MD\",\"description\":\"Asocia\u021bia Femeilor Antreprenoare Din Moldova\",\"publisher\":{\"@id\":\"https:\/\/afam.md\/en\/#organization\"},\"potentialAction\":[{\"@type\":\"SearchAction\",\"target\":{\"@type\":\"EntryPoint\",\"urlTemplate\":\"https:\/\/afam.md\/en\/?s={search_term_string}\"},\"query-input\":{\"@type\":\"PropertyValueSpecification\",\"valueRequired\":true,\"valueName\":\"search_term_string\"}}],\"inLanguage\":\"en-US\"},{\"@type\":\"Organization\",\"@id\":\"https:\/\/afam.md\/en\/#organization\",\"name\":\"Asocia\u021bia Femeilor Antreprenoare Din Moldova\",\"alternateName\":\"AFAM\",\"url\":\"https:\/\/afam.md\/en\/\",\"logo\":{\"@type\":\"ImageObject\",\"inLanguage\":\"en-US\",\"@id\":\"https:\/\/afam.md\/en\/#\/schema\/logo\/image\/\",\"url\":\"https:\/\/afam.md\/wp-content\/uploads\/2024\/11\/logo-blue.svg\",\"contentUrl\":\"https:\/\/afam.md\/wp-content\/uploads\/2024\/11\/logo-blue.svg\",\"width\":1874,\"height\":650,\"caption\":\"Asocia\u021bia Femeilor Antreprenoare Din Moldova\"},\"image\":{\"@id\":\"https:\/\/afam.md\/en\/#\/schema\/logo\/image\/\"},\"sameAs\":[\"https:\/\/www.facebook.com\/AFAMMoldova\/\",\"https:\/\/www.instagram.com\/afammoldova\/?hl=en\",\"https:\/\/md.linkedin.com\/in\/afam-moldova-285159174\"],\"email\":\"afammoldova@gmail.com\",\"telephone\":\"(+373) 76 767 670\",\"legalName\":\"Asocia\u021bia Femeilor Antreprenoare Din Moldova\",\"numberOfEmployees\":{\"@type\":\"QuantitativeValue\",\"minValue\":\"51\",\"maxValue\":\"200\"}},{\"@type\":\"Person\",\"@id\":\"https:\/\/afam.md\/en\/#\/schema\/person\/f1e5fae3e1fb398d34fedbe21728cf00\",\"name\":\"AFAM MD\",\"image\":{\"@type\":\"ImageObject\",\"inLanguage\":\"en-US\",\"@id\":\"https:\/\/afam.md\/en\/#\/schema\/person\/image\/\",\"url\":\"https:\/\/afam.md\/wp-content\/litespeed\/avatar\/4b4e67be5fef2abbd79000cd96849830.jpg?ver=1776689026\",\"contentUrl\":\"https:\/\/afam.md\/wp-content\/litespeed\/avatar\/4b4e67be5fef2abbd79000cd96849830.jpg?ver=1776689026\",\"caption\":\"AFAM MD\"},\"sameAs\":[\"https:\/\/afam.md\"]}]}<\/script>\n<!-- \/ Yoast SEO Premium plugin. -->","yoast_head_json":{"title":"Visul Prinde Aripi 3.0 - Leadership prin Innova\u021bie 22.11.2024 - AFAM MD","robots":{"index":"index","follow":"follow","max-snippet":"max-snippet:-1","max-image-preview":"max-image-preview:large","max-video-preview":"max-video-preview:-1"},"canonical":"https:\/\/afam.md\/en\/visul-prinde-aripi-3-0-leadership-prin-innovatie-22-11-2024\/","og_locale":"en_US","og_type":"article","og_title":"Visul Prinde Aripi 3.0 - Leadership prin Innova\u021bie 22.11.2024","og_description":"De un deceniu, Asocia\u021bia Femeilor Antreprenoare din Moldova (AFAM) sus\u021bine \u0219i promoveaz\u0103 antreprenoriatul feminin, consolid\u00e2nd \u00eencrederea, rezilien\u021ba \u0219i spiritul inovator al femeilor din Republica Moldova. \u00centr-o perioad\u0103 marcat\u0103 de schimb\u0103ri [&hellip;]","og_url":"https:\/\/afam.md\/en\/visul-prinde-aripi-3-0-leadership-prin-innovatie-22-11-2024\/","og_site_name":"AFAM MD","article_publisher":"https:\/\/www.facebook.com\/AFAMMoldova\/","article_published_time":"2024-11-19T21:40:00+00:00","article_modified_time":"2024-11-21T13:07:03+00:00","og_image":[{"width":1640,"height":700,"url":"https:\/\/afam.md\/wp-content\/uploads\/2024\/11\/IMG_20241118_115848_358.png","type":"image\/png"}],"author":"AFAM MD","twitter_card":"summary_large_image","twitter_misc":{"Written by":"AFAM MD","Est. reading time":"19 minutes"},"schema":{"@context":"https:\/\/schema.org","@graph":[{"@type":"Article","@id":"https:\/\/afam.md\/visul-prinde-aripi-3-0-leadership-prin-innovatie-22-11-2024\/#article","isPartOf":{"@id":"https:\/\/afam.md\/visul-prinde-aripi-3-0-leadership-prin-innovatie-22-11-2024\/"},"author":{"name":"AFAM MD","@id":"https:\/\/afam.md\/en\/#\/schema\/person\/f1e5fae3e1fb398d34fedbe21728cf00"},"headline":"Visul Prinde Aripi 3.0 &#8211; Leadership prin Innova\u021bie 22.11.2024","datePublished":"2024-11-19T21:40:00+00:00","dateModified":"2024-11-21T13:07:03+00:00","mainEntityOfPage":{"@id":"https:\/\/afam.md\/visul-prinde-aripi-3-0-leadership-prin-innovatie-22-11-2024\/"},"wordCount":2977,"publisher":{"@id":"https:\/\/afam.md\/en\/#organization"},"image":{"@id":"https:\/\/afam.md\/visul-prinde-aripi-3-0-leadership-prin-innovatie-22-11-2024\/#primaryimage"},"thumbnailUrl":"https:\/\/afam.md\/wp-content\/uploads\/2024\/11\/IMG_20241118_115848_358.png","articleSection":["Conferin\u021ba anual\u0103 Visul prinde aripi"],"inLanguage":"en-US"},{"@type":"WebPage","@id":"https:\/\/afam.md\/visul-prinde-aripi-3-0-leadership-prin-innovatie-22-11-2024\/","url":"https:\/\/afam.md\/visul-prinde-aripi-3-0-leadership-prin-innovatie-22-11-2024\/","name":"Visul Prinde Aripi 3.0 - Leadership prin Innova\u021bie 22.11.2024 - AFAM MD","isPartOf":{"@id":"https:\/\/afam.md\/en\/#website"},"primaryImageOfPage":{"@id":"https:\/\/afam.md\/visul-prinde-aripi-3-0-leadership-prin-innovatie-22-11-2024\/#primaryimage"},"image":{"@id":"https:\/\/afam.md\/visul-prinde-aripi-3-0-leadership-prin-innovatie-22-11-2024\/#primaryimage"},"thumbnailUrl":"https:\/\/afam.md\/wp-content\/uploads\/2024\/11\/IMG_20241118_115848_358.png","datePublished":"2024-11-19T21:40:00+00:00","dateModified":"2024-11-21T13:07:03+00:00","breadcrumb":{"@id":"https:\/\/afam.md\/visul-prinde-aripi-3-0-leadership-prin-innovatie-22-11-2024\/#breadcrumb"},"inLanguage":"en-US","potentialAction":[{"@type":"ReadAction","target":["https:\/\/afam.md\/visul-prinde-aripi-3-0-leadership-prin-innovatie-22-11-2024\/"]}]},{"@type":"ImageObject","inLanguage":"en-US","@id":"https:\/\/afam.md\/visul-prinde-aripi-3-0-leadership-prin-innovatie-22-11-2024\/#primaryimage","url":"https:\/\/afam.md\/wp-content\/uploads\/2024\/11\/IMG_20241118_115848_358.png","contentUrl":"https:\/\/afam.md\/wp-content\/uploads\/2024\/11\/IMG_20241118_115848_358.png","width":1640,"height":700},{"@type":"BreadcrumbList","@id":"https:\/\/afam.md\/visul-prinde-aripi-3-0-leadership-prin-innovatie-22-11-2024\/#breadcrumb","itemListElement":[{"@type":"ListItem","position":1,"name":"\u0413\u043b\u0430\u0432\u043d\u0430\u044f","item":"https:\/\/afam.md\/"},{"@type":"ListItem","position":2,"name":"Visul Prinde Aripi 3.0 &#8211; Leadership prin Innova\u021bie 22.11.2024"}]},{"@type":"WebSite","@id":"https:\/\/afam.md\/en\/#website","url":"https:\/\/afam.md\/en\/","name":"AFAM MD","description":"Asocia\u021bia Femeilor Antreprenoare Din Moldova","publisher":{"@id":"https:\/\/afam.md\/en\/#organization"},"potentialAction":[{"@type":"SearchAction","target":{"@type":"EntryPoint","urlTemplate":"https:\/\/afam.md\/en\/?s={search_term_string}"},"query-input":{"@type":"PropertyValueSpecification","valueRequired":true,"valueName":"search_term_string"}}],"inLanguage":"en-US"},{"@type":"Organization","@id":"https:\/\/afam.md\/en\/#organization","name":"Asocia\u021bia Femeilor Antreprenoare Din Moldova","alternateName":"AFAM","url":"https:\/\/afam.md\/en\/","logo":{"@type":"ImageObject","inLanguage":"en-US","@id":"https:\/\/afam.md\/en\/#\/schema\/logo\/image\/","url":"https:\/\/afam.md\/wp-content\/uploads\/2024\/11\/logo-blue.svg","contentUrl":"https:\/\/afam.md\/wp-content\/uploads\/2024\/11\/logo-blue.svg","width":1874,"height":650,"caption":"Asocia\u021bia Femeilor Antreprenoare Din Moldova"},"image":{"@id":"https:\/\/afam.md\/en\/#\/schema\/logo\/image\/"},"sameAs":["https:\/\/www.facebook.com\/AFAMMoldova\/","https:\/\/www.instagram.com\/afammoldova\/?hl=en","https:\/\/md.linkedin.com\/in\/afam-moldova-285159174"],"email":"afammoldova@gmail.com","telephone":"(+373) 76 767 670","legalName":"Asocia\u021bia Femeilor Antreprenoare Din Moldova","numberOfEmployees":{"@type":"QuantitativeValue","minValue":"51","maxValue":"200"}},{"@type":"Person","@id":"https:\/\/afam.md\/en\/#\/schema\/person\/f1e5fae3e1fb398d34fedbe21728cf00","name":"AFAM MD","image":{"@type":"ImageObject","inLanguage":"en-US","@id":"https:\/\/afam.md\/en\/#\/schema\/person\/image\/","url":"https:\/\/afam.md\/wp-content\/litespeed\/avatar\/4b4e67be5fef2abbd79000cd96849830.jpg?ver=1776689026","contentUrl":"https:\/\/afam.md\/wp-content\/litespeed\/avatar\/4b4e67be5fef2abbd79000cd96849830.jpg?ver=1776689026","caption":"AFAM MD"},"sameAs":["https:\/\/afam.md"]}]}},"_links":{"self":[{"href":"https:\/\/afam.md\/en\/wp-json\/wp\/v2\/posts\/92846","targetHints":{"allow":["GET"]}}],"collection":[{"href":"https:\/\/afam.md\/en\/wp-json\/wp\/v2\/posts"}],"about":[{"href":"https:\/\/afam.md\/en\/wp-json\/wp\/v2\/types\/post"}],"author":[{"embeddable":true,"href":"https:\/\/afam.md\/en\/wp-json\/wp\/v2\/users\/1"}],"replies":[{"embeddable":true,"href":"https:\/\/afam.md\/en\/wp-json\/wp\/v2\/comments?post=92846"}],"version-history":[{"count":0,"href":"https:\/\/afam.md\/en\/wp-json\/wp\/v2\/posts\/92846\/revisions"}],"wp:featuredmedia":[{"embeddable":true,"href":"https:\/\/afam.md\/en\/wp-json\/wp\/v2\/media\/92833"}],"wp:attachment":[{"href":"https:\/\/afam.md\/en\/wp-json\/wp\/v2\/media?parent=92846"}],"wp:term":[{"taxonomy":"category","embeddable":true,"href":"https:\/\/afam.md\/en\/wp-json\/wp\/v2\/categories?post=92846"},{"taxonomy":"post_tag","embeddable":true,"href":"https:\/\/afam.md\/en\/wp-json\/wp\/v2\/tags?post=92846"}],"curies":[{"name":"wp","href":"https:\/\/api.w.org\/{rel}","templated":true}]}}