{"id":91867,"global_id":"afam.md\/ru?id=91867","global_id_lineage":["afam.md\/ru?id=91867"],"author":"1","status":"publish","date":"2024-10-28 21:10:27","date_utc":"2024-10-28 19:10:27","modified":"2024-10-28 22:51:42","modified_utc":"2024-10-28 20:51:42","url":"https:\/\/afam.md\/ru\/event\/lansarea-we-grow-si-a-reprezentantei-afam-ungheni\/","rest_url":"https:\/\/afam.md\/ru\/wp-json\/tribe\/events\/v1\/events\/91867","title":"Lansarea WE Grow \u0219i a Reprezentan\u021bei AFAM Ungheni","description":"<p>Asocia\u021bia Femeilor Antreprenoare din Moldova a lansat proiectul WE Grow Program \u0219i prima reprezentan\u021b\u0103 teritorial\u0103 AFAM Ungheni. Evenimentul de lansare a avut loc vineri, 28 septembrie 2019.<br \/>\n<img decoding=\"async\" class=\"alignnone wp-image-2069 size-medium\" src=\"https:\/\/afam.md\/wp-content\/uploads\/2024\/09\/70231704_1284696971690722_7031537877951447040_o.jpg\" \/><\/p>\n<p>Aceast\u0103 ini\u021biativ\u0103 a fost realizat\u0103 cu sus\u021binerea USAID \u00een colaborare cu Asocia\u021bia &#8222;F\u0103clia&#8221; \u0219i Hubul de business Inno din Ungheni.<\/p>\n<p><img decoding=\"async\" class=\"alignnone size-medium wp-image-2068\" src=\"https:\/\/afam.md\/wp-content\/uploads\/2024\/09\/71869521_1284697755023977_381486747646689280_o.jpg\" \/><\/p>\n<p>Reprezentan\u021ba \u00ee\u0219i \u00eencepe activitatea cu un program de evenimente \u0219i \u00eent\u00e2lniri cu femeile antreprenoare din regiune \u0219i cu desf\u0103\u0219urarea programului WE Grow Program, ce presupune oferirea unui curs de training gratuit, destinat s\u0103 abiliteze, s\u0103 \u00eembun\u0103t\u0103\u021beasc\u0103 cuno\u0219tin\u021bile \u0219i capacit\u0103\u021bile de gestiune a afacerii \u00een r\u00e2ndurile antreprenoarelor.<\/p>\n<p><img decoding=\"async\" class=\"alignnone size-medium wp-image-2064\" src=\"https:\/\/afam.md\/wp-content\/uploads\/2024\/09\/71185272_1284696648357421_2250481993164783616_o.jpg\" \/><\/p>\n<p>Aducem mul\u021bumiri partenerilor no\u0219tri \u0219i sus\u021binerii comunit\u0103\u021bii AFAM, pentru implicare la realizarea acestui proiect.<\/p>","excerpt":"","slug":"lansarea-we-grow-si-a-reprezentantei-afam-ungheni","image":{"url":"https:\/\/afam.md\/wp-content\/uploads\/2024\/10\/71642570_1284696635024089_411129452282511360_o-NaSjii.tmp_.jpg","id":91868,"extension":"jpg","width":960,"height":640,"filesize":82978,"sizes":{"medium":{"width":300,"height":300,"mime-type":"image\/jpeg","filesize":18409,"url":"https:\/\/afam.md\/wp-content\/uploads\/2024\/10\/71642570_1284696635024089_411129452282511360_o-NaSjii.tmp_-300x300.jpg"},"thumbnail":{"width":150,"height":150,"mime-type":"image\/jpeg","filesize":6908,"url":"https:\/\/afam.md\/wp-content\/uploads\/2024\/10\/71642570_1284696635024089_411129452282511360_o-NaSjii.tmp_-150x150.jpg"},"medium_large":{"width":768,"height":640,"mime-type":"image\/jpeg","filesize":68956,"url":"https:\/\/afam.md\/wp-content\/uploads\/2024\/10\/71642570_1284696635024089_411129452282511360_o-NaSjii.tmp_-768x640.jpg"},"trp-custom-language-flag":{"width":18,"height":12,"mime-type":"image\/jpeg","filesize":1189,"url":"https:\/\/afam.md\/wp-content\/uploads\/2024\/10\/71642570_1284696635024089_411129452282511360_o-NaSjii.tmp_-18x12.jpg"},"litho-popular-posts-thumb":{"width":200,"height":133,"mime-type":"image\/jpeg","filesize":8154,"url":"https:\/\/afam.md\/wp-content\/uploads\/2024\/10\/71642570_1284696635024089_411129452282511360_o-NaSjii.tmp_-200x133.jpg"}}},"all_day":false,"start_date":"2019-09-30 13:59:00","start_date_details":{"year":"2019","month":"09","day":"30","hour":"13","minutes":"59","seconds":"00"},"end_date":"2019-09-30 14:59:00","end_date_details":{"year":"2019","month":"09","day":"30","hour":"14","minutes":"59","seconds":"00"},"utc_start_date":"2019-09-30 10:59:00","utc_start_date_details":{"year":"2019","month":"09","day":"30","hour":"10","minutes":"59","seconds":"00"},"utc_end_date":"2019-09-30 11:59:00","utc_end_date_details":{"year":"2019","month":"09","day":"30","hour":"11","minutes":"59","seconds":"00"},"timezone":"Europe\/Chisinau","timezone_abbr":"EEST","cost":"","cost_details":{"currency_symbol":"","currency_code":"","currency_position":"prefix","values":[]},"website":"","show_map":false,"show_map_link":false,"hide_from_listings":false,"sticky":false,"featured":false,"categories":[{"name":"Evenimente","slug":"evenimente","term_group":0,"term_taxonomy_id":431,"taxonomy":"tribe_events_cat","description":"","parent":0,"count":109,"filter":"raw","id":431,"urls":{"self":"https:\/\/afam.md\/ru\/wp-json\/tribe\/events\/v1\/categories\/431","collection":"https:\/\/afam.md\/ru\/wp-json\/tribe\/events\/v1\/categories"}}],"tags":[],"venue":[],"organizer":[],"custom_fields":[],"json_ld":{"@context":"http:\/\/schema.org","@type":"Event","name":"Lansarea WE Grow \u0219i a Reprezentan\u021bei AFAM Ungheni","description":"&lt;p&gt;Asocia\u021bia Femeilor Antreprenoare din Moldova a lansat proiectul WE Grow Program \u0219i prima reprezentan\u021b\u0103 teritorial\u0103 AFAM Ungheni. Evenimentul de lansare a avut loc vineri, 28 septembrie 2019. Aceast\u0103 ini\u021biativ\u0103 a [&hellip;]&lt;\/p&gt;\\n","image":"https:\/\/afam.md\/wp-content\/uploads\/2024\/10\/71642570_1284696635024089_411129452282511360_o-NaSjii.tmp_.jpg","url":"https:\/\/afam.md\/ru\/event\/lansarea-we-grow-si-a-reprezentantei-afam-ungheni\/","eventAttendanceMode":"https:\/\/schema.org\/OfflineEventAttendanceMode","eventStatus":"https:\/\/schema.org\/EventScheduled","startDate":"2019-09-30T13:59:00+03:00","endDate":"2019-09-30T14:59:00+03:00","performer":"Organization"}}