{"id":92097,"global_id":"afam.md\/ru?id=92097","global_id_lineage":["afam.md\/ru?id=92097"],"author":"1","status":"publish","date":"2024-10-28 23:04:32","date_utc":"2024-10-28 21:04:32","modified":"2024-10-28 23:04:32","modified_utc":"2024-10-28 21:04:32","url":"https:\/\/afam.md\/ru\/event\/sesiune-de-mentorat-bazata-pe-studiile-de-caz-ale-membrelor-afam\/","rest_url":"https:\/\/afam.md\/ru\/wp-json\/tribe\/events\/v1\/events\/92097","title":"Sesiune de mentorat bazat\u0103 pe studiile de caz ale membrelor AFAM","description":"<div class=\"kvgmc6g5 cxmmr5t8 oygrvhab hcukyx3x c1et5uql\">Urmeaz\u0103 o sesiune de mentorat exclusiv\u0103 pentru membrele AFAM cu 4 speakeri renumi\u021bi!<\/div>\n<div class=\"cxmmr5t8 oygrvhab hcukyx3x c1et5uql o9v6fnle\">\u00cen cadrul Proiectului exclusiv de consultan\u021b\u0103 \u0219i mentorat cu personalit\u0103\u021bi notorii din Republica Moldova am organizat 4 evenimente online \u00een domeniul<br \/>\n&#8211; v\u00e2nz\u0103ri<br \/>\n&#8211; strategii de marketing<br \/>\n&#8211; brand personal<br \/>\n&#8211; resurse umane<\/div>\n<div class=\"cxmmr5t8 oygrvhab hcukyx3x c1et5uql o9v6fnle\">Cu scopul de a oferi consultan\u021b\u0103 specific\u0103 afacerilor membrelor noastre, organiz\u0103m evenimentul offline &#8211; Sesiune de mentorat bazat\u0103 pe studiile de caz ale membrelor AFAM &#8211; \u00een cadrul c\u0103ruia vom avea partea de informa\u021bii complexe \u0219i r\u0103spunsuri, cu participarea speakerilor Alina Andriu\u021b\u0103, Vadim Cu\u0219nir, Elena Ganciucova \u0219i Oxana Lavu\u0219china!<\/div>\n<div class=\"cxmmr5t8 oygrvhab hcukyx3x c1et5uql o9v6fnle\">V\u0103 \u00eendemn\u0103m s\u0103 fi\u021bi prezent\u0103 la evenimentul nostru \u0219i s\u0103 participa\u021bi la discu\u021bie, prin adresarea a c\u00e2t mai multe \u00eentreb\u0103ri despre aspectele care vizeaz\u0103 propria afacere, studii de caz \u0219i alte provoc\u0103ri la care a\u021bi dori un r\u0103spuns din partea speakerilor.<\/div>\n<div class=\"cxmmr5t8 oygrvhab hcukyx3x c1et5uql o9v6fnle\">\u00cenregistreaz\u0103-te\u00a0<a class=\"oajrlxb2 g5ia77u1 qu0x051f esr5mh6w e9989ue4 r7d6kgcz rq0escxv nhd2j8a9 nc684nl6 p7hjln8o kvgmc6g5 cxmmr5t8 oygrvhab hcukyx3x jb3vyjys rz4wbd8a qt6c0cv9 a8nywdso i1ao9s8h esuyzwwr f1sip0of lzcic4wl gpro0wi8 py34i1dx\" role=\"link\" href=\"https:\/\/forms.gle\/gVoobz5aJ872iiLC8?fbclid=IwAR0nXk15TEKqZarsYWiLYNTi4_s85RBhqQctTtnA8gV4jEc_6NABtXcGBYs\" target=\"_blank\" rel=\"nofollow noopener\">https:\/\/forms.gle\/gVoobz5aJ872iiLC8<\/a><br \/>\nsau Click pe Interesat(\u0103) sau Particip, pentru a nu rata evenimentul: Miercuri, 22 septembrie, ora 19:00, str. Vlaicu P\u00eerc\u0103lab 45, Black Rabbit Gastro Burrow.<\/div>","excerpt":"","slug":"sesiune-de-mentorat-bazata-pe-studiile-de-caz-ale-membrelor-afam","image":{"url":"https:\/\/afam.md\/wp-content\/uploads\/2024\/10\/19-KymvMU.tmp_.jpg","id":91864,"extension":"jpg","width":900,"height":1600,"filesize":157832,"sizes":{"medium":{"width":300,"height":300,"mime-type":"image\/jpeg","filesize":22349,"url":"https:\/\/afam.md\/wp-content\/uploads\/2024\/10\/19-KymvMU.tmp_-300x300.jpg"},"large":{"width":900,"height":1024,"mime-type":"image\/jpeg","filesize":124763,"url":"https:\/\/afam.md\/wp-content\/uploads\/2024\/10\/19-KymvMU.tmp_-900x1024.jpg"},"thumbnail":{"width":150,"height":150,"mime-type":"image\/jpeg","filesize":7625,"url":"https:\/\/afam.md\/wp-content\/uploads\/2024\/10\/19-KymvMU.tmp_-150x150.jpg"},"medium_large":{"width":768,"height":768,"mime-type":"image\/jpeg","filesize":100735,"url":"https:\/\/afam.md\/wp-content\/uploads\/2024\/10\/19-KymvMU.tmp_-768x768.jpg"},"1536x1536":{"width":864,"height":1536,"mime-type":"image\/jpeg","filesize":181432,"url":"https:\/\/afam.md\/wp-content\/uploads\/2024\/10\/19-KymvMU.tmp_-864x1536.jpg"},"trp-custom-language-flag":{"width":7,"height":12,"mime-type":"image\/jpeg","filesize":832,"url":"https:\/\/afam.md\/wp-content\/uploads\/2024\/10\/19-KymvMU.tmp_-7x12.jpg"},"litho-popular-posts-thumb":{"width":200,"height":356,"mime-type":"image\/jpeg","filesize":17245,"url":"https:\/\/afam.md\/wp-content\/uploads\/2024\/10\/19-KymvMU.tmp_-200x356.jpg"}}},"all_day":false,"start_date":"2021-09-17 15:08:00","start_date_details":{"year":"2021","month":"09","day":"17","hour":"15","minutes":"08","seconds":"00"},"end_date":"2021-09-17 15:08:00","end_date_details":{"year":"2021","month":"09","day":"17","hour":"15","minutes":"08","seconds":"00"},"utc_start_date":"2021-09-17 12:08:00","utc_start_date_details":{"year":"2021","month":"09","day":"17","hour":"12","minutes":"08","seconds":"00"},"utc_end_date":"2021-09-17 12:08:00","utc_end_date_details":{"year":"2021","month":"09","day":"17","hour":"12","minutes":"08","seconds":"00"},"timezone":"Europe\/Chisinau","timezone_abbr":"EEST","cost":"","cost_details":{"currency_symbol":"","currency_code":"","currency_position":"prefix","values":[]},"website":"","show_map":false,"show_map_link":false,"hide_from_listings":false,"sticky":false,"featured":false,"categories":[{"name":"Evenimente","slug":"evenimente","term_group":0,"term_taxonomy_id":431,"taxonomy":"tribe_events_cat","description":"","parent":0,"count":109,"filter":"raw","id":431,"urls":{"self":"https:\/\/afam.md\/ru\/wp-json\/tribe\/events\/v1\/categories\/431","collection":"https:\/\/afam.md\/ru\/wp-json\/tribe\/events\/v1\/categories"}}],"tags":[],"venue":[],"organizer":[],"custom_fields":[],"json_ld":{"@context":"http:\/\/schema.org","@type":"Event","name":"Sesiune de mentorat bazat\u0103 pe studiile de caz ale membrelor AFAM","description":"&lt;p&gt;Urmeaz\u0103 o sesiune de mentorat exclusiv\u0103 pentru membrele AFAM cu 4 speakeri renumi\u021bi!\u00cen cadrul Proiectului exclusiv de consultan\u021b\u0103 \u0219i mentorat cu personalit\u0103\u021bi notorii din Republica Moldova am organizat 4 evenimente [&hellip;]&lt;\/p&gt;\\n","image":"https:\/\/afam.md\/wp-content\/uploads\/2024\/10\/19-KymvMU.tmp_.jpg","url":"https:\/\/afam.md\/ru\/event\/sesiune-de-mentorat-bazata-pe-studiile-de-caz-ale-membrelor-afam\/","eventAttendanceMode":"https:\/\/schema.org\/OfflineEventAttendanceMode","eventStatus":"https:\/\/schema.org\/EventScheduled","startDate":"2021-09-17T15:08:00+03:00","endDate":"2021-09-17T15:08:00+03:00","performer":"Organization"}}