{"id":92117,"global_id":"afam.md\/ru?id=92117","global_id_lineage":["afam.md\/ru?id=92117"],"author":"1","status":"publish","date":"2024-10-28 23:05:32","date_utc":"2024-10-28 21:05:32","modified":"2024-10-28 23:05:32","modified_utc":"2024-10-28 21:05:32","url":"https:\/\/afam.md\/ru\/event\/19-noiembrie-ziua-sarbatorita-consacrata-antreprenoriatului-feminin\/","rest_url":"https:\/\/afam.md\/ru\/wp-json\/tribe\/events\/v1\/events\/92117","title":"19 noiembrie &#8211; ziua s\u0103rb\u0103torit\u0103 consacrat\u0103 antreprenoriatului feminin!","description":"<div class=\"kvgmc6g5 cxmmr5t8 oygrvhab hcukyx3x c1et5uql ii04i59q\">\n<div dir=\"auto\">19 noiembrie este ziua s\u0103rb\u0103torit\u0103 la nivel interna\u021bional consacrat\u0103 antreprenoriatului feminin!<\/div>\n<\/div>\n<div class=\"cxmmr5t8 oygrvhab hcukyx3x c1et5uql o9v6fnle ii04i59q\">\n<div dir=\"auto\">Cu aceast\u0103 ocazie, \u00een parteneriat cu Centrul pentru Abilitarea Economic\u0103 a Femeilor din cadrul Center for International Private Enterprise am organizat o campanie dedicat\u0103 \u00eencuraj\u0103rii femeilor \u00een afaceri la nivel global.<\/div>\n<\/div>\n<div class=\"cxmmr5t8 oygrvhab hcukyx3x c1et5uql o9v6fnle ii04i59q\">\n<div dir=\"auto\">Suntem m\u00e2ndre de modelele de antreprenoriat feminin din comunitatea noastr\u0103, femeile puternice care dau plus valoare societ\u0103\u021bii noastre \u0219i implicarea social\u0103 \u00een r\u00e2ndul femeilor cu scopul de a \u00eencuraja t\u00e2n\u0103ra genera\u021bie de antreprenori \u00een construirea propriului model de succes.<\/div>\n<\/div>\n<div class=\"cxmmr5t8 oygrvhab hcukyx3x c1et5uql o9v6fnle ii04i59q\">\n<div dir=\"auto\">Ne dorim ca, prin intermediul modelelor de succes feminin din comunitatea <a class=\"oajrlxb2 g5ia77u1 qu0x051f esr5mh6w e9989ue4 r7d6kgcz rq0escxv nhd2j8a9 nc684nl6 p7hjln8o kvgmc6g5 cxmmr5t8 oygrvhab hcukyx3x jb3vyjys rz4wbd8a qt6c0cv9 a8nywdso i1ao9s8h esuyzwwr f1sip0of lzcic4wl gpro0wi8 py34i1dx\" role=\"link\" href=\"https:\/\/www.facebook.com\/hashtag\/afam?__cft__[0]=AZXjygxBFrW0BGAQPo49cJjp_lfDhee0y1Rgbr-alh7eQY99c5SBsj3rgwKKdep9Q9gxAJixja50mbkTi2eihBHj_MH4w9pJ4dgNdXYb640hiXUqUIS_xABUw0VTPMis4376yaH-0rRyCorVH5Vb8IWI3_PqZjl5UyBsv97sPPVPmg&amp;__tn__=*NK-R\" target=\"_blank\" rel=\"noopener\">#AFAM<\/a> s\u0103 impact\u0103m pe termen lung dezvoltarea durabil\u0103 a societ\u0103\u021bii.<\/div>\n<div dir=\"auto\"><img loading=\"lazy\" decoding=\"async\" width=\"1080\" height=\"1080\" class=\"alignnone size-medium wp-image-5811\" src=\"https:\/\/afam.md\/wp-content\/uploads\/2024\/09\/1-5.jpg\" \/> <img loading=\"lazy\" decoding=\"async\" width=\"1080\" height=\"1080\" class=\"alignnone size-medium wp-image-5812\" src=\"https:\/\/afam.md\/wp-content\/uploads\/2024\/09\/2-4.jpg\" \/> <img loading=\"lazy\" decoding=\"async\" width=\"1080\" height=\"1080\" class=\"alignnone size-medium wp-image-5813\" src=\"https:\/\/afam.md\/wp-content\/uploads\/2024\/09\/3-5.jpg\" \/> <img loading=\"lazy\" decoding=\"async\" width=\"1080\" height=\"1080\" class=\"alignnone size-medium wp-image-5814\" src=\"https:\/\/afam.md\/wp-content\/uploads\/2024\/09\/4-5.jpg\" \/><\/div>\n<div dir=\"auto\"><a class=\"oajrlxb2 g5ia77u1 qu0x051f esr5mh6w e9989ue4 r7d6kgcz rq0escxv nhd2j8a9 nc684nl6 p7hjln8o kvgmc6g5 cxmmr5t8 oygrvhab hcukyx3x jb3vyjys rz4wbd8a qt6c0cv9 a8nywdso i1ao9s8h esuyzwwr f1sip0of lzcic4wl gpro0wi8 py34i1dx\" role=\"link\" href=\"https:\/\/www.facebook.com\/hashtag\/inspir%C4%83m?__cft__[0]=AZXjygxBFrW0BGAQPo49cJjp_lfDhee0y1Rgbr-alh7eQY99c5SBsj3rgwKKdep9Q9gxAJixja50mbkTi2eihBHj_MH4w9pJ4dgNdXYb640hiXUqUIS_xABUw0VTPMis4376yaH-0rRyCorVH5Vb8IWI3_PqZjl5UyBsv97sPPVPmg&amp;__tn__=*NK-R\" target=\"_blank\" rel=\"noopener\">#Inspir\u0103m<\/a> <a class=\"oajrlxb2 g5ia77u1 qu0x051f esr5mh6w e9989ue4 r7d6kgcz rq0escxv nhd2j8a9 nc684nl6 p7hjln8o kvgmc6g5 cxmmr5t8 oygrvhab hcukyx3x jb3vyjys rz4wbd8a qt6c0cv9 a8nywdso i1ao9s8h esuyzwwr f1sip0of lzcic4wl gpro0wi8 py34i1dx\" role=\"link\" href=\"https:\/\/www.facebook.com\/hashtag\/istruim?__cft__[0]=AZXjygxBFrW0BGAQPo49cJjp_lfDhee0y1Rgbr-alh7eQY99c5SBsj3rgwKKdep9Q9gxAJixja50mbkTi2eihBHj_MH4w9pJ4dgNdXYb640hiXUqUIS_xABUw0VTPMis4376yaH-0rRyCorVH5Vb8IWI3_PqZjl5UyBsv97sPPVPmg&amp;__tn__=*NK-R\" target=\"_blank\" rel=\"noopener\">#Istruim<\/a> <a class=\"oajrlxb2 g5ia77u1 qu0x051f esr5mh6w e9989ue4 r7d6kgcz rq0escxv nhd2j8a9 nc684nl6 p7hjln8o kvgmc6g5 cxmmr5t8 oygrvhab hcukyx3x jb3vyjys rz4wbd8a qt6c0cv9 a8nywdso i1ao9s8h esuyzwwr f1sip0of lzcic4wl gpro0wi8 py34i1dx\" role=\"link\" href=\"https:\/\/www.facebook.com\/hashtag\/inov%C4%83m?__cft__[0]=AZXjygxBFrW0BGAQPo49cJjp_lfDhee0y1Rgbr-alh7eQY99c5SBsj3rgwKKdep9Q9gxAJixja50mbkTi2eihBHj_MH4w9pJ4dgNdXYb640hiXUqUIS_xABUw0VTPMis4376yaH-0rRyCorVH5Vb8IWI3_PqZjl5UyBsv97sPPVPmg&amp;__tn__=*NK-R\" target=\"_blank\" rel=\"noopener\">#Inov\u0103m<\/a><\/div>\n<\/div>","excerpt":"","slug":"19-noiembrie-ziua-sarbatorita-consacrata-antreprenoriatului-feminin","image":{"url":"https:\/\/afam.md\/wp-content\/uploads\/2024\/10\/4-5-k7cblR.tmp_.jpg","id":92118,"extension":"jpg","width":1080,"height":1080,"filesize":98729,"sizes":{"medium":{"width":300,"height":300,"mime-type":"image\/jpeg","filesize":13318,"url":"https:\/\/afam.md\/wp-content\/uploads\/2024\/10\/4-5-k7cblR.tmp_-300x300.jpg"},"large":{"width":1024,"height":1024,"mime-type":"image\/jpeg","filesize":77494,"url":"https:\/\/afam.md\/wp-content\/uploads\/2024\/10\/4-5-k7cblR.tmp_-1024x1024.jpg"},"thumbnail":{"width":150,"height":150,"mime-type":"image\/jpeg","filesize":4742,"url":"https:\/\/afam.md\/wp-content\/uploads\/2024\/10\/4-5-k7cblR.tmp_-150x150.jpg"},"medium_large":{"width":768,"height":768,"mime-type":"image\/jpeg","filesize":50595,"url":"https:\/\/afam.md\/wp-content\/uploads\/2024\/10\/4-5-k7cblR.tmp_-768x768.jpg"},"trp-custom-language-flag":{"width":12,"height":12,"mime-type":"image\/jpeg","filesize":845,"url":"https:\/\/afam.md\/wp-content\/uploads\/2024\/10\/4-5-k7cblR.tmp_-12x12.jpg"},"litho-popular-posts-thumb":{"width":200,"height":200,"mime-type":"image\/jpeg","filesize":7178,"url":"https:\/\/afam.md\/wp-content\/uploads\/2024\/10\/4-5-k7cblR.tmp_-200x200.jpg"}}},"all_day":false,"start_date":"2021-11-19 19:16:00","start_date_details":{"year":"2021","month":"11","day":"19","hour":"19","minutes":"16","seconds":"00"},"end_date":"2021-11-19 19:16:00","end_date_details":{"year":"2021","month":"11","day":"19","hour":"19","minutes":"16","seconds":"00"},"utc_start_date":"2021-11-19 17:16:00","utc_start_date_details":{"year":"2021","month":"11","day":"19","hour":"17","minutes":"16","seconds":"00"},"utc_end_date":"2021-11-19 17:16:00","utc_end_date_details":{"year":"2021","month":"11","day":"19","hour":"17","minutes":"16","seconds":"00"},"timezone":"Europe\/Chisinau","timezone_abbr":"EET","cost":"","cost_details":{"currency_symbol":"","currency_code":"","currency_position":"prefix","values":[]},"website":"","show_map":false,"show_map_link":false,"hide_from_listings":false,"sticky":false,"featured":false,"categories":[{"name":"Evenimente","slug":"evenimente","term_group":0,"term_taxonomy_id":431,"taxonomy":"tribe_events_cat","description":"","parent":0,"count":109,"filter":"raw","id":431,"urls":{"self":"https:\/\/afam.md\/ru\/wp-json\/tribe\/events\/v1\/categories\/431","collection":"https:\/\/afam.md\/ru\/wp-json\/tribe\/events\/v1\/categories"}}],"tags":[],"venue":[],"organizer":[],"custom_fields":[],"json_ld":{"@context":"http:\/\/schema.org","@type":"Event","name":"19 noiembrie &#8211; ziua s\u0103rb\u0103torit\u0103 consacrat\u0103 antreprenoriatului feminin!","description":"&lt;p&gt;19 noiembrie este ziua s\u0103rb\u0103torit\u0103 la nivel interna\u021bional consacrat\u0103 antreprenoriatului feminin! Cu aceast\u0103 ocazie, \u00een parteneriat cu Centrul pentru Abilitarea Economic\u0103 a Femeilor din cadrul Center for International Private Enterprise [&hellip;]&lt;\/p&gt;\\n","image":"https:\/\/afam.md\/wp-content\/uploads\/2024\/10\/4-5-k7cblR.tmp_.jpg","url":"https:\/\/afam.md\/ru\/event\/19-noiembrie-ziua-sarbatorita-consacrata-antreprenoriatului-feminin\/","eventAttendanceMode":"https:\/\/schema.org\/OfflineEventAttendanceMode","eventStatus":"https:\/\/schema.org\/EventScheduled","startDate":"2021-11-19T19:16:00+02:00","endDate":"2021-11-19T19:16:00+02:00","performer":"Organization"}}