{"id":85878,"date":"2017-07-31T05:28:45","date_gmt":"2017-07-31T02:28:45","guid":{"rendered":"https:\/\/afam.md\/blog\/business-breakfast-cu-alexander-koss\/"},"modified":"2024-10-03T11:07:19","modified_gmt":"2024-10-03T08:07:19","slug":"business-breakfast-cu-alexander-koss","status":"publish","type":"post","link":"https:\/\/afam.md\/ru\/business-breakfast-cu-alexander-koss\/","title":{"rendered":"Business Breakfast cu Alexander Koss"},"content":{"rendered":"<p><img loading=\"lazy\" decoding=\"async\" class=\"alignnone size-medium wp-image-938\" src=\"https:\/\/www.afam.sk.md\/wp-content\/uploads\/2017\/08\/20229197_796031043890653_3168591076109585142_n-590x445.jpg\" alt=\"\" width=\"590\" height=\"445\" \/><\/p>\n<p><span style=\"color: #000000; font-family: Calibri;\">Membrele AFAM s-au \u00eent\u00e2lnit \u00een cadrul unui Business Breakfast cu Alexander Koss, Spicherul Comitetului de Conducere al companiei Sudzuker \u00een Moldova \u0219i Pre\u0219edintele Asocia\u021biei Investitorilor Str\u0103ini. Invitatul le-a prezentat membrelor un scurt istoric al companiei, at\u00e2t la nivel interna\u021bional, c\u00e2t \u0219i \u00een Republica Moldova, trec\u00e2nd \u00een revist\u0103 succesele \u0219i provoc\u0103rile pe care le-a \u00eent\u00e2mpinat \u00een activitatea de p\u00e2n\u0103 acum. Domnele au aflat cum a reu\u0219it compania s\u0103 devin\u0103 lider pe pia\u021b\u0103 la capitolul produc\u021bie \u0219i comercializare de zah\u0103r, dar\u00a0\u0219i cum func\u021bioneaz\u0103 Asocia\u021bia Investitorilor Str\u0103ini, care sunt priorit\u0103\u021bile \u0219i viziunile acesteia \u0219i ce instrumente folose\u0219te pentru a reprezenta interesele membrilor la nivel de stat. Invitatul a \u00eemp\u0103rt\u0103\u0219it \u0219i momente importante din biografia sa, a vorbit despre pasiunile \u0219i convingerile proprii \u00een via\u021ba de zi cu zi. <\/span><\/p>","protected":false},"excerpt":{"rendered":"<p>Membrele AFAM s-au \u00eent\u00e2lnit \u00een cadrul unui Business Breakfast cu Alexander Koss, Spicherul Comitetului de Conducere al companiei Sudzuker \u00een Moldova \u0219i Pre\u0219edintele Asocia\u021biei Investitorilor Str\u0103ini. Invitatul le-a prezentat membrelor [&hellip;]<\/p>","protected":false},"author":1,"featured_media":76598,"comment_status":"closed","ping_status":"closed","sticky":false,"template":"","format":"standard","meta":{"_EventAllDay":false,"_EventTimezone":"","_EventStartDate":"","_EventEndDate":"","_EventStartDateUTC":"","_EventEndDateUTC":"","_EventShowMap":false,"_EventShowMapLink":false,"_EventURL":"","_EventCost":"","_EventCostDescription":"","_EventCurrencySymbol":"","_EventCurrencyCode":"","_EventCurrencyPosition":"","_EventDateTimeSeparator":"","_EventTimeRangeSeparator":"","_EventOrganizerID":[],"_EventVenueID":[],"_OrganizerEmail":"","_OrganizerPhone":"","_OrganizerWebsite":"","_VenueAddress":"","_VenueCity":"","_VenueCountry":"","_VenueProvince":"","_VenueState":"","_VenueZip":"","_VenuePhone":"","_VenueURL":"","_VenueStateProvince":"","_VenueLat":"","_VenueLng":"","_VenueShowMap":false,"_VenueShowMapLink":false,"footnotes":""},"categories":[302],"tags":[],"class_list":["post-85878","post","type-post","status-publish","format-standard","has-post-thumbnail","hentry","category-business"],"yoast_head":"<!-- This site is optimized with the Yoast SEO Premium plugin v23.8 (Yoast SEO v25.1) - https:\/\/yoast.com\/wordpress\/plugins\/seo\/ -->\n<title>Business Breakfast cu Alexander Koss - AFAM MD<\/title>\n<meta name=\"robots\" content=\"index, follow, max-snippet:-1, max-image-preview:large, max-video-preview:-1\" \/>\n<link rel=\"canonical\" href=\"https:\/\/afam.md\/ru\/business-breakfast-cu-alexander-koss\/\" \/>\n<meta property=\"og:locale\" content=\"ru_RU\" \/>\n<meta property=\"og:type\" content=\"article\" \/>\n<meta property=\"og:title\" content=\"Business Breakfast cu Alexander Koss\" \/>\n<meta property=\"og:description\" content=\"Membrele AFAM s-au \u00eent\u00e2lnit \u00een cadrul unui Business Breakfast cu Alexander Koss, Spicherul Comitetului de Conducere al companiei Sudzuker \u00een Moldova \u0219i Pre\u0219edintele Asocia\u021biei Investitorilor Str\u0103ini. Invitatul le-a prezentat membrelor [&hellip;]\" \/>\n<meta property=\"og:url\" content=\"https:\/\/afam.md\/ru\/business-breakfast-cu-alexander-koss\/\" \/>\n<meta property=\"og:site_name\" content=\"AFAM MD\" \/>\n<meta property=\"article:publisher\" content=\"https:\/\/www.facebook.com\/AFAMMoldova\/\" \/>\n<meta property=\"article:published_time\" content=\"2017-07-31T02:28:45+00:00\" \/>\n<meta property=\"article:modified_time\" content=\"2024-10-03T08:07:19+00:00\" \/>\n<meta property=\"og:image\" content=\"https:\/\/afam.md\/wp-content\/uploads\/2024\/09\/20229197_796031043890653_3168591076109585142_n.jpg\" \/>\n\t<meta property=\"og:image:width\" content=\"959\" \/>\n\t<meta property=\"og:image:height\" content=\"724\" \/>\n\t<meta property=\"og:image:type\" content=\"image\/jpeg\" \/>\n<meta name=\"author\" content=\"AFAM MD\" \/>\n<meta name=\"twitter:card\" content=\"summary_large_image\" \/>\n<meta name=\"twitter:label1\" content=\"\u041d\u0430\u043f\u0438\u0441\u0430\u043d\u043e \u0430\u0432\u0442\u043e\u0440\u043e\u043c\" \/>\n\t<meta name=\"twitter:data1\" content=\"AFAM MD\" \/>\n\t<meta name=\"twitter:label2\" content=\"\u041f\u0440\u0438\u043c\u0435\u0440\u043d\u043e\u0435 \u0432\u0440\u0435\u043c\u044f \u0434\u043b\u044f \u0447\u0442\u0435\u043d\u0438\u044f\" \/>\n\t<meta name=\"twitter:data2\" content=\"1 \u043c\u0438\u043d\u0443\u0442\u0430\" \/>\n<script type=\"application\/ld+json\" class=\"yoast-schema-graph\">{\"@context\":\"https:\/\/schema.org\",\"@graph\":[{\"@type\":\"Article\",\"@id\":\"https:\/\/afam.md\/business-breakfast-cu-alexander-koss\/#article\",\"isPartOf\":{\"@id\":\"https:\/\/afam.md\/business-breakfast-cu-alexander-koss\/\"},\"author\":{\"name\":\"AFAM MD\",\"@id\":\"https:\/\/afam.md\/en\/#\/schema\/person\/f1e5fae3e1fb398d34fedbe21728cf00\"},\"headline\":\"Business Breakfast cu Alexander Koss\",\"datePublished\":\"2017-07-31T02:28:45+00:00\",\"dateModified\":\"2024-10-03T08:07:19+00:00\",\"mainEntityOfPage\":{\"@id\":\"https:\/\/afam.md\/business-breakfast-cu-alexander-koss\/\"},\"wordCount\":153,\"publisher\":{\"@id\":\"https:\/\/afam.md\/en\/#organization\"},\"image\":{\"@id\":\"https:\/\/afam.md\/business-breakfast-cu-alexander-koss\/#primaryimage\"},\"thumbnailUrl\":\"https:\/\/afam.md\/wp-content\/uploads\/2024\/09\/20229197_796031043890653_3168591076109585142_n.jpg\",\"articleSection\":[\"BUSINESS\"],\"inLanguage\":\"ru-RU\"},{\"@type\":\"WebPage\",\"@id\":\"https:\/\/afam.md\/business-breakfast-cu-alexander-koss\/\",\"url\":\"https:\/\/afam.md\/business-breakfast-cu-alexander-koss\/\",\"name\":\"Business Breakfast cu Alexander Koss - AFAM MD\",\"isPartOf\":{\"@id\":\"https:\/\/afam.md\/en\/#website\"},\"primaryImageOfPage\":{\"@id\":\"https:\/\/afam.md\/business-breakfast-cu-alexander-koss\/#primaryimage\"},\"image\":{\"@id\":\"https:\/\/afam.md\/business-breakfast-cu-alexander-koss\/#primaryimage\"},\"thumbnailUrl\":\"https:\/\/afam.md\/wp-content\/uploads\/2024\/09\/20229197_796031043890653_3168591076109585142_n.jpg\",\"datePublished\":\"2017-07-31T02:28:45+00:00\",\"dateModified\":\"2024-10-03T08:07:19+00:00\",\"breadcrumb\":{\"@id\":\"https:\/\/afam.md\/business-breakfast-cu-alexander-koss\/#breadcrumb\"},\"inLanguage\":\"ru-RU\",\"potentialAction\":[{\"@type\":\"ReadAction\",\"target\":[\"https:\/\/afam.md\/business-breakfast-cu-alexander-koss\/\"]}]},{\"@type\":\"ImageObject\",\"inLanguage\":\"ru-RU\",\"@id\":\"https:\/\/afam.md\/business-breakfast-cu-alexander-koss\/#primaryimage\",\"url\":\"https:\/\/afam.md\/wp-content\/uploads\/2024\/09\/20229197_796031043890653_3168591076109585142_n.jpg\",\"contentUrl\":\"https:\/\/afam.md\/wp-content\/uploads\/2024\/09\/20229197_796031043890653_3168591076109585142_n.jpg\",\"width\":959,\"height\":724},{\"@type\":\"BreadcrumbList\",\"@id\":\"https:\/\/afam.md\/business-breakfast-cu-alexander-koss\/#breadcrumb\",\"itemListElement\":[{\"@type\":\"ListItem\",\"position\":1,\"name\":\"\u0413\u043b\u0430\u0432\u043d\u0430\u044f\",\"item\":\"https:\/\/afam.md\/\"},{\"@type\":\"ListItem\",\"position\":2,\"name\":\"Business Breakfast cu Alexander Koss\"}]},{\"@type\":\"WebSite\",\"@id\":\"https:\/\/afam.md\/en\/#website\",\"url\":\"https:\/\/afam.md\/en\/\",\"name\":\"AFAM MD\",\"description\":\"Asocia\u021bia Femeilor Antreprenoare Din Moldova\",\"publisher\":{\"@id\":\"https:\/\/afam.md\/en\/#organization\"},\"potentialAction\":[{\"@type\":\"SearchAction\",\"target\":{\"@type\":\"EntryPoint\",\"urlTemplate\":\"https:\/\/afam.md\/en\/?s={search_term_string}\"},\"query-input\":{\"@type\":\"PropertyValueSpecification\",\"valueRequired\":true,\"valueName\":\"search_term_string\"}}],\"inLanguage\":\"ru-RU\"},{\"@type\":\"Organization\",\"@id\":\"https:\/\/afam.md\/en\/#organization\",\"name\":\"Asocia\u021bia Femeilor Antreprenoare Din Moldova\",\"alternateName\":\"AFAM\",\"url\":\"https:\/\/afam.md\/en\/\",\"logo\":{\"@type\":\"ImageObject\",\"inLanguage\":\"ru-RU\",\"@id\":\"https:\/\/afam.md\/en\/#\/schema\/logo\/image\/\",\"url\":\"https:\/\/afam.md\/wp-content\/uploads\/2024\/11\/logo-blue.svg\",\"contentUrl\":\"https:\/\/afam.md\/wp-content\/uploads\/2024\/11\/logo-blue.svg\",\"width\":1874,\"height\":650,\"caption\":\"Asocia\u021bia Femeilor Antreprenoare Din Moldova\"},\"image\":{\"@id\":\"https:\/\/afam.md\/en\/#\/schema\/logo\/image\/\"},\"sameAs\":[\"https:\/\/www.facebook.com\/AFAMMoldova\/\",\"https:\/\/www.instagram.com\/afammoldova\/?hl=en\",\"https:\/\/md.linkedin.com\/in\/afam-moldova-285159174\"],\"email\":\"afammoldova@gmail.com\",\"telephone\":\"(+373) 76 767 670\",\"legalName\":\"Asocia\u021bia Femeilor Antreprenoare Din Moldova\",\"numberOfEmployees\":{\"@type\":\"QuantitativeValue\",\"minValue\":\"51\",\"maxValue\":\"200\"}},{\"@type\":\"Person\",\"@id\":\"https:\/\/afam.md\/en\/#\/schema\/person\/f1e5fae3e1fb398d34fedbe21728cf00\",\"name\":\"AFAM MD\",\"image\":{\"@type\":\"ImageObject\",\"inLanguage\":\"ru-RU\",\"@id\":\"https:\/\/afam.md\/en\/#\/schema\/person\/image\/\",\"url\":\"https:\/\/afam.md\/wp-content\/litespeed\/avatar\/4b4e67be5fef2abbd79000cd96849830.jpg?ver=1776689026\",\"contentUrl\":\"https:\/\/afam.md\/wp-content\/litespeed\/avatar\/4b4e67be5fef2abbd79000cd96849830.jpg?ver=1776689026\",\"caption\":\"AFAM MD\"},\"sameAs\":[\"https:\/\/afam.md\"]}]}<\/script>\n<!-- \/ Yoast SEO Premium plugin. -->","yoast_head_json":{"title":"Business Breakfast cu Alexander Koss - AFAM MD","robots":{"index":"index","follow":"follow","max-snippet":"max-snippet:-1","max-image-preview":"max-image-preview:large","max-video-preview":"max-video-preview:-1"},"canonical":"https:\/\/afam.md\/ru\/business-breakfast-cu-alexander-koss\/","og_locale":"ru_RU","og_type":"article","og_title":"Business Breakfast cu Alexander Koss","og_description":"Membrele AFAM s-au \u00eent\u00e2lnit \u00een cadrul unui Business Breakfast cu Alexander Koss, Spicherul Comitetului de Conducere al companiei Sudzuker \u00een Moldova \u0219i Pre\u0219edintele Asocia\u021biei Investitorilor Str\u0103ini. Invitatul le-a prezentat membrelor [&hellip;]","og_url":"https:\/\/afam.md\/ru\/business-breakfast-cu-alexander-koss\/","og_site_name":"AFAM MD","article_publisher":"https:\/\/www.facebook.com\/AFAMMoldova\/","article_published_time":"2017-07-31T02:28:45+00:00","article_modified_time":"2024-10-03T08:07:19+00:00","og_image":[{"width":959,"height":724,"url":"https:\/\/afam.md\/wp-content\/uploads\/2024\/09\/20229197_796031043890653_3168591076109585142_n.jpg","type":"image\/jpeg"}],"author":"AFAM MD","twitter_card":"summary_large_image","twitter_misc":{"\u041d\u0430\u043f\u0438\u0441\u0430\u043d\u043e \u0430\u0432\u0442\u043e\u0440\u043e\u043c":"AFAM MD","\u041f\u0440\u0438\u043c\u0435\u0440\u043d\u043e\u0435 \u0432\u0440\u0435\u043c\u044f \u0434\u043b\u044f \u0447\u0442\u0435\u043d\u0438\u044f":"1 \u043c\u0438\u043d\u0443\u0442\u0430"},"schema":{"@context":"https:\/\/schema.org","@graph":[{"@type":"Article","@id":"https:\/\/afam.md\/business-breakfast-cu-alexander-koss\/#article","isPartOf":{"@id":"https:\/\/afam.md\/business-breakfast-cu-alexander-koss\/"},"author":{"name":"AFAM MD","@id":"https:\/\/afam.md\/en\/#\/schema\/person\/f1e5fae3e1fb398d34fedbe21728cf00"},"headline":"Business Breakfast cu Alexander Koss","datePublished":"2017-07-31T02:28:45+00:00","dateModified":"2024-10-03T08:07:19+00:00","mainEntityOfPage":{"@id":"https:\/\/afam.md\/business-breakfast-cu-alexander-koss\/"},"wordCount":153,"publisher":{"@id":"https:\/\/afam.md\/en\/#organization"},"image":{"@id":"https:\/\/afam.md\/business-breakfast-cu-alexander-koss\/#primaryimage"},"thumbnailUrl":"https:\/\/afam.md\/wp-content\/uploads\/2024\/09\/20229197_796031043890653_3168591076109585142_n.jpg","articleSection":["BUSINESS"],"inLanguage":"ru-RU"},{"@type":"WebPage","@id":"https:\/\/afam.md\/business-breakfast-cu-alexander-koss\/","url":"https:\/\/afam.md\/business-breakfast-cu-alexander-koss\/","name":"Business Breakfast cu Alexander Koss - AFAM MD","isPartOf":{"@id":"https:\/\/afam.md\/en\/#website"},"primaryImageOfPage":{"@id":"https:\/\/afam.md\/business-breakfast-cu-alexander-koss\/#primaryimage"},"image":{"@id":"https:\/\/afam.md\/business-breakfast-cu-alexander-koss\/#primaryimage"},"thumbnailUrl":"https:\/\/afam.md\/wp-content\/uploads\/2024\/09\/20229197_796031043890653_3168591076109585142_n.jpg","datePublished":"2017-07-31T02:28:45+00:00","dateModified":"2024-10-03T08:07:19+00:00","breadcrumb":{"@id":"https:\/\/afam.md\/business-breakfast-cu-alexander-koss\/#breadcrumb"},"inLanguage":"ru-RU","potentialAction":[{"@type":"ReadAction","target":["https:\/\/afam.md\/business-breakfast-cu-alexander-koss\/"]}]},{"@type":"ImageObject","inLanguage":"ru-RU","@id":"https:\/\/afam.md\/business-breakfast-cu-alexander-koss\/#primaryimage","url":"https:\/\/afam.md\/wp-content\/uploads\/2024\/09\/20229197_796031043890653_3168591076109585142_n.jpg","contentUrl":"https:\/\/afam.md\/wp-content\/uploads\/2024\/09\/20229197_796031043890653_3168591076109585142_n.jpg","width":959,"height":724},{"@type":"BreadcrumbList","@id":"https:\/\/afam.md\/business-breakfast-cu-alexander-koss\/#breadcrumb","itemListElement":[{"@type":"ListItem","position":1,"name":"\u0413\u043b\u0430\u0432\u043d\u0430\u044f","item":"https:\/\/afam.md\/"},{"@type":"ListItem","position":2,"name":"Business Breakfast cu Alexander Koss"}]},{"@type":"WebSite","@id":"https:\/\/afam.md\/en\/#website","url":"https:\/\/afam.md\/en\/","name":"AFAM MD","description":"Asocia\u021bia Femeilor Antreprenoare Din Moldova","publisher":{"@id":"https:\/\/afam.md\/en\/#organization"},"potentialAction":[{"@type":"SearchAction","target":{"@type":"EntryPoint","urlTemplate":"https:\/\/afam.md\/en\/?s={search_term_string}"},"query-input":{"@type":"PropertyValueSpecification","valueRequired":true,"valueName":"search_term_string"}}],"inLanguage":"ru-RU"},{"@type":"Organization","@id":"https:\/\/afam.md\/en\/#organization","name":"Asocia\u021bia Femeilor Antreprenoare Din Moldova","alternateName":"AFAM","url":"https:\/\/afam.md\/en\/","logo":{"@type":"ImageObject","inLanguage":"ru-RU","@id":"https:\/\/afam.md\/en\/#\/schema\/logo\/image\/","url":"https:\/\/afam.md\/wp-content\/uploads\/2024\/11\/logo-blue.svg","contentUrl":"https:\/\/afam.md\/wp-content\/uploads\/2024\/11\/logo-blue.svg","width":1874,"height":650,"caption":"Asocia\u021bia Femeilor Antreprenoare Din Moldova"},"image":{"@id":"https:\/\/afam.md\/en\/#\/schema\/logo\/image\/"},"sameAs":["https:\/\/www.facebook.com\/AFAMMoldova\/","https:\/\/www.instagram.com\/afammoldova\/?hl=en","https:\/\/md.linkedin.com\/in\/afam-moldova-285159174"],"email":"afammoldova@gmail.com","telephone":"(+373) 76 767 670","legalName":"Asocia\u021bia Femeilor Antreprenoare Din Moldova","numberOfEmployees":{"@type":"QuantitativeValue","minValue":"51","maxValue":"200"}},{"@type":"Person","@id":"https:\/\/afam.md\/en\/#\/schema\/person\/f1e5fae3e1fb398d34fedbe21728cf00","name":"AFAM MD","image":{"@type":"ImageObject","inLanguage":"ru-RU","@id":"https:\/\/afam.md\/en\/#\/schema\/person\/image\/","url":"https:\/\/afam.md\/wp-content\/litespeed\/avatar\/4b4e67be5fef2abbd79000cd96849830.jpg?ver=1776689026","contentUrl":"https:\/\/afam.md\/wp-content\/litespeed\/avatar\/4b4e67be5fef2abbd79000cd96849830.jpg?ver=1776689026","caption":"AFAM MD"},"sameAs":["https:\/\/afam.md"]}]}},"_links":{"self":[{"href":"https:\/\/afam.md\/ru\/wp-json\/wp\/v2\/posts\/85878","targetHints":{"allow":["GET"]}}],"collection":[{"href":"https:\/\/afam.md\/ru\/wp-json\/wp\/v2\/posts"}],"about":[{"href":"https:\/\/afam.md\/ru\/wp-json\/wp\/v2\/types\/post"}],"author":[{"embeddable":true,"href":"https:\/\/afam.md\/ru\/wp-json\/wp\/v2\/users\/1"}],"replies":[{"embeddable":true,"href":"https:\/\/afam.md\/ru\/wp-json\/wp\/v2\/comments?post=85878"}],"version-history":[{"count":0,"href":"https:\/\/afam.md\/ru\/wp-json\/wp\/v2\/posts\/85878\/revisions"}],"wp:featuredmedia":[{"embeddable":true,"href":"https:\/\/afam.md\/ru\/wp-json\/wp\/v2\/media\/76598"}],"wp:attachment":[{"href":"https:\/\/afam.md\/ru\/wp-json\/wp\/v2\/media?parent=85878"}],"wp:term":[{"taxonomy":"category","embeddable":true,"href":"https:\/\/afam.md\/ru\/wp-json\/wp\/v2\/categories?post=85878"},{"taxonomy":"post_tag","embeddable":true,"href":"https:\/\/afam.md\/ru\/wp-json\/wp\/v2\/tags?post=85878"}],"curies":[{"name":"wp","href":"https:\/\/api.w.org\/{rel}","templated":true}]}}