{"id":85939,"date":"2017-12-18T11:43:13","date_gmt":"2017-12-18T09:43:13","guid":{"rendered":"https:\/\/afam.md\/blog\/forumul-femeilore-antreprenoare-de-pe-ambele-maluri-ale-nistrului\/"},"modified":"2024-10-03T11:08:23","modified_gmt":"2024-10-03T08:08:23","slug":"forumul-femeilore-antreprenoare-de-pe-ambele-maluri-ale-nistrului","status":"publish","type":"post","link":"https:\/\/afam.md\/ru\/forumul-femeilore-antreprenoare-de-pe-ambele-maluri-ale-nistrului\/","title":{"rendered":"Forumul femeilor antreprenoare de pe ambele maluri ale Nistrului"},"content":{"rendered":"<p>Asocia\u021bia Femeilor Antreprenoare din Moldova \u00eempreun\u0103 cu Regional Association of Ceative Laboratories, Arts and Crafts din Transnistria au organizat pe data de 30 octombrie 2017 la Tiraspol, primul Forum al Femeilor Antreprenoare de pe ambele maluri ale Nistrului. <\/p>\n<p>Evenimentul a fost realizat cu sus\u021binerea UNPD Moldova \u0219i a oferit participantelor posibilitatea s\u0103 afle despre oportunit\u0103\u021bi de finan\u021bare disponibile pentru femei, dar \u0219i s\u0103 fac\u0103 schimb de experien\u021b\u0103 \u00eentre cele dou\u0103 maluri. Mai mul\u021bi donatori prezen\u021bi la eveniment au salutat ini\u021biativa organiz\u0103rii unui astfel de eveniment \u0219i au \u00eencurajat participantele s\u0103 realizeze c\u00e2t mai multe ini\u021biative comune.<\/p>\n<p><img loading=\"lazy\" decoding=\"async\" src=\"https:\/\/afam.md\/wp-content\/uploads\/2024\/09\/Trans1.jpg\" alt=\"\" width=\"590\" height=\"393\" class=\"alignnone size-medium wp-image-1449\" \/><\/p>\n<p><img loading=\"lazy\" decoding=\"async\" src=\"https:\/\/afam.md\/wp-content\/uploads\/2024\/09\/Trans2.jpg\" alt=\"\" width=\"590\" height=\"397\" class=\"alignnone size-medium wp-image-1450\" \/><\/p>\n<p>\u00cen cadrul Forumului, membra onorific\u0103 AFAM \u0219i managerul Programului de Sus\u021binere a Micului Business BERD Veronica Arpintin, \u0219i ex-Pre\u0219edinta AFAM, consultant economic \u00een cadrul Secretaritului Consiliului Economic al Prim-ministrului Olga Melniciuc au relatat care sunt perspectivele de cre\u0219tere \u0219i dezvoltare a antreprenoriatului feminin \u0219i cum participantele \u00ee\u0219i pot dezvolta afacerile lor. La fel, Directorul Executiv AFAM, Alina M\u00e2\u021bu a povestit istoria \u0219i etapele de cre\u0219tere AFAM, iar Dna Angela Gladei a povestit experien\u021ba sa de peste 20 de ani \u00een afaceri. Tot \u00een cadrul evenimentului mai multe doamne de afaceri din regiunea Transnistrean\u0103 au relatat istoriile lor de business \u0219i perspectivele de viitor.<\/p>\n<p>La forum a fost semnat un acord de colaborare \u00eentre asocia\u021biile organizatoare, care prevede dezvoltarea \u0219i consolidarea cooper\u0103rii \u00eentre Asocia\u021bia Femeilor Antreprenoare sin Moldova \u0219i Regional Association of Ceative Laboratories, Arts and Crafts.<\/p>\n<p><img loading=\"lazy\" decoding=\"async\" src=\"https:\/\/afam.md\/wp-content\/uploads\/2024\/09\/Trans3.jpg\" alt=\"\" width=\"590\" height=\"419\" class=\"alignnone size-medium wp-image-1451\" \/><\/p>\n<p><img loading=\"lazy\" decoding=\"async\" src=\"https:\/\/afam.md\/wp-content\/uploads\/2024\/09\/Trans4.jpg\" alt=\"\" width=\"590\" height=\"374\" class=\"alignnone size-medium wp-image-1452\" \/><\/p>\n<p><img loading=\"lazy\" decoding=\"async\" src=\"https:\/\/afam.md\/wp-content\/uploads\/2024\/09\/Trans6.jpg\" alt=\"\" width=\"590\" height=\"449\" class=\"alignnone size-medium wp-image-1455\" \/><\/p>","protected":false},"excerpt":{"rendered":"<p>Asocia\u021bia Femeilor Antreprenoare din Moldova \u00eempreun\u0103 cu Regional Association of Ceative Laboratories, Arts and Crafts din Transnistria au organizat pe data de 30 octombrie 2017 la Tiraspol, primul Forum al [&hellip;]<\/p>","protected":false},"author":1,"featured_media":76653,"comment_status":"closed","ping_status":"closed","sticky":false,"template":"","format":"standard","meta":{"_EventAllDay":false,"_EventTimezone":"","_EventStartDate":"","_EventEndDate":"","_EventStartDateUTC":"","_EventEndDateUTC":"","_EventShowMap":false,"_EventShowMapLink":false,"_EventURL":"","_EventCost":"","_EventCostDescription":"","_EventCurrencySymbol":"","_EventCurrencyCode":"","_EventCurrencyPosition":"","_EventDateTimeSeparator":"","_EventTimeRangeSeparator":"","_EventOrganizerID":[],"_EventVenueID":[],"_OrganizerEmail":"","_OrganizerPhone":"","_OrganizerWebsite":"","_VenueAddress":"","_VenueCity":"","_VenueCountry":"","_VenueProvince":"","_VenueState":"","_VenueZip":"","_VenuePhone":"","_VenueURL":"","_VenueStateProvince":"","_VenueLat":"","_VenueLng":"","_VenueShowMap":false,"_VenueShowMapLink":false,"footnotes":""},"categories":[306,302],"tags":[],"class_list":["post-85939","post","type-post","status-publish","format-standard","has-post-thumbnail","hentry","category-activitati","category-business"],"yoast_head":"<!-- This site is optimized with the Yoast SEO Premium plugin v23.8 (Yoast SEO v25.1) - https:\/\/yoast.com\/wordpress\/plugins\/seo\/ -->\n<title>Forumul femeilor antreprenoare de pe ambele maluri ale Nistrului - AFAM MD<\/title>\n<meta name=\"robots\" content=\"index, follow, max-snippet:-1, max-image-preview:large, max-video-preview:-1\" \/>\n<link rel=\"canonical\" href=\"https:\/\/afam.md\/ru\/forumul-femeilore-antreprenoare-de-pe-ambele-maluri-ale-nistrului\/\" \/>\n<meta property=\"og:locale\" content=\"ru_RU\" \/>\n<meta property=\"og:type\" content=\"article\" \/>\n<meta property=\"og:title\" content=\"Forumul femeilor antreprenoare de pe ambele maluri ale Nistrului\" \/>\n<meta property=\"og:description\" content=\"Asocia\u021bia Femeilor Antreprenoare din Moldova \u00eempreun\u0103 cu Regional Association of Ceative Laboratories, Arts and Crafts din Transnistria au organizat pe data de 30 octombrie 2017 la Tiraspol, primul Forum al [&hellip;]\" \/>\n<meta property=\"og:url\" content=\"https:\/\/afam.md\/ru\/forumul-femeilore-antreprenoare-de-pe-ambele-maluri-ale-nistrului\/\" \/>\n<meta property=\"og:site_name\" content=\"AFAM MD\" \/>\n<meta property=\"article:publisher\" content=\"https:\/\/www.facebook.com\/AFAMMoldova\/\" \/>\n<meta property=\"article:published_time\" content=\"2017-12-18T09:43:13+00:00\" \/>\n<meta property=\"article:modified_time\" content=\"2024-10-03T08:08:23+00:00\" \/>\n<meta property=\"og:image\" content=\"https:\/\/afam.md\/wp-content\/uploads\/2024\/09\/Trans4.jpg\" \/>\n\t<meta property=\"og:image:width\" content=\"960\" \/>\n\t<meta property=\"og:image:height\" content=\"609\" \/>\n\t<meta property=\"og:image:type\" content=\"image\/jpeg\" \/>\n<meta name=\"author\" content=\"AFAM MD\" \/>\n<meta name=\"twitter:card\" content=\"summary_large_image\" \/>\n<meta name=\"twitter:label1\" content=\"\u041d\u0430\u043f\u0438\u0441\u0430\u043d\u043e \u0430\u0432\u0442\u043e\u0440\u043e\u043c\" \/>\n\t<meta name=\"twitter:data1\" content=\"AFAM MD\" \/>\n\t<meta name=\"twitter:label2\" content=\"\u041f\u0440\u0438\u043c\u0435\u0440\u043d\u043e\u0435 \u0432\u0440\u0435\u043c\u044f \u0434\u043b\u044f \u0447\u0442\u0435\u043d\u0438\u044f\" \/>\n\t<meta name=\"twitter:data2\" content=\"1 \u043c\u0438\u043d\u0443\u0442\u0430\" \/>\n<script type=\"application\/ld+json\" class=\"yoast-schema-graph\">{\"@context\":\"https:\/\/schema.org\",\"@graph\":[{\"@type\":\"Article\",\"@id\":\"https:\/\/afam.md\/forumul-femeilore-antreprenoare-de-pe-ambele-maluri-ale-nistrului\/#article\",\"isPartOf\":{\"@id\":\"https:\/\/afam.md\/forumul-femeilore-antreprenoare-de-pe-ambele-maluri-ale-nistrului\/\"},\"author\":{\"name\":\"AFAM MD\",\"@id\":\"https:\/\/afam.md\/en\/#\/schema\/person\/f1e5fae3e1fb398d34fedbe21728cf00\"},\"headline\":\"Forumul femeilor antreprenoare de pe ambele maluri ale Nistrului\",\"datePublished\":\"2017-12-18T09:43:13+00:00\",\"dateModified\":\"2024-10-03T08:08:23+00:00\",\"mainEntityOfPage\":{\"@id\":\"https:\/\/afam.md\/forumul-femeilore-antreprenoare-de-pe-ambele-maluri-ale-nistrului\/\"},\"wordCount\":257,\"publisher\":{\"@id\":\"https:\/\/afam.md\/en\/#organization\"},\"image\":{\"@id\":\"https:\/\/afam.md\/forumul-femeilore-antreprenoare-de-pe-ambele-maluri-ale-nistrului\/#primaryimage\"},\"thumbnailUrl\":\"https:\/\/afam.md\/wp-content\/uploads\/2024\/09\/Trans4.jpg\",\"articleSection\":[\"Activit\u0103\u021bi\",\"BUSINESS\"],\"inLanguage\":\"ru-RU\"},{\"@type\":\"WebPage\",\"@id\":\"https:\/\/afam.md\/forumul-femeilore-antreprenoare-de-pe-ambele-maluri-ale-nistrului\/\",\"url\":\"https:\/\/afam.md\/forumul-femeilore-antreprenoare-de-pe-ambele-maluri-ale-nistrului\/\",\"name\":\"Forumul femeilor antreprenoare de pe ambele maluri ale Nistrului - AFAM MD\",\"isPartOf\":{\"@id\":\"https:\/\/afam.md\/en\/#website\"},\"primaryImageOfPage\":{\"@id\":\"https:\/\/afam.md\/forumul-femeilore-antreprenoare-de-pe-ambele-maluri-ale-nistrului\/#primaryimage\"},\"image\":{\"@id\":\"https:\/\/afam.md\/forumul-femeilore-antreprenoare-de-pe-ambele-maluri-ale-nistrului\/#primaryimage\"},\"thumbnailUrl\":\"https:\/\/afam.md\/wp-content\/uploads\/2024\/09\/Trans4.jpg\",\"datePublished\":\"2017-12-18T09:43:13+00:00\",\"dateModified\":\"2024-10-03T08:08:23+00:00\",\"breadcrumb\":{\"@id\":\"https:\/\/afam.md\/forumul-femeilore-antreprenoare-de-pe-ambele-maluri-ale-nistrului\/#breadcrumb\"},\"inLanguage\":\"ru-RU\",\"potentialAction\":[{\"@type\":\"ReadAction\",\"target\":[\"https:\/\/afam.md\/forumul-femeilore-antreprenoare-de-pe-ambele-maluri-ale-nistrului\/\"]}]},{\"@type\":\"ImageObject\",\"inLanguage\":\"ru-RU\",\"@id\":\"https:\/\/afam.md\/forumul-femeilore-antreprenoare-de-pe-ambele-maluri-ale-nistrului\/#primaryimage\",\"url\":\"https:\/\/afam.md\/wp-content\/uploads\/2024\/09\/Trans4.jpg\",\"contentUrl\":\"https:\/\/afam.md\/wp-content\/uploads\/2024\/09\/Trans4.jpg\",\"width\":960,\"height\":609},{\"@type\":\"BreadcrumbList\",\"@id\":\"https:\/\/afam.md\/forumul-femeilore-antreprenoare-de-pe-ambele-maluri-ale-nistrului\/#breadcrumb\",\"itemListElement\":[{\"@type\":\"ListItem\",\"position\":1,\"name\":\"\u0413\u043b\u0430\u0432\u043d\u0430\u044f\",\"item\":\"https:\/\/afam.md\/\"},{\"@type\":\"ListItem\",\"position\":2,\"name\":\"Forumul femeilor antreprenoare de pe ambele maluri ale Nistrului\"}]},{\"@type\":\"WebSite\",\"@id\":\"https:\/\/afam.md\/en\/#website\",\"url\":\"https:\/\/afam.md\/en\/\",\"name\":\"AFAM MD\",\"description\":\"Asocia\u021bia Femeilor Antreprenoare Din Moldova\",\"publisher\":{\"@id\":\"https:\/\/afam.md\/en\/#organization\"},\"potentialAction\":[{\"@type\":\"SearchAction\",\"target\":{\"@type\":\"EntryPoint\",\"urlTemplate\":\"https:\/\/afam.md\/en\/?s={search_term_string}\"},\"query-input\":{\"@type\":\"PropertyValueSpecification\",\"valueRequired\":true,\"valueName\":\"search_term_string\"}}],\"inLanguage\":\"ru-RU\"},{\"@type\":\"Organization\",\"@id\":\"https:\/\/afam.md\/en\/#organization\",\"name\":\"Asocia\u021bia Femeilor Antreprenoare Din Moldova\",\"alternateName\":\"AFAM\",\"url\":\"https:\/\/afam.md\/en\/\",\"logo\":{\"@type\":\"ImageObject\",\"inLanguage\":\"ru-RU\",\"@id\":\"https:\/\/afam.md\/en\/#\/schema\/logo\/image\/\",\"url\":\"https:\/\/afam.md\/wp-content\/uploads\/2024\/11\/logo-blue.svg\",\"contentUrl\":\"https:\/\/afam.md\/wp-content\/uploads\/2024\/11\/logo-blue.svg\",\"width\":1874,\"height\":650,\"caption\":\"Asocia\u021bia Femeilor Antreprenoare Din Moldova\"},\"image\":{\"@id\":\"https:\/\/afam.md\/en\/#\/schema\/logo\/image\/\"},\"sameAs\":[\"https:\/\/www.facebook.com\/AFAMMoldova\/\",\"https:\/\/www.instagram.com\/afammoldova\/?hl=en\",\"https:\/\/md.linkedin.com\/in\/afam-moldova-285159174\"],\"email\":\"afammoldova@gmail.com\",\"telephone\":\"(+373) 76 767 670\",\"legalName\":\"Asocia\u021bia Femeilor Antreprenoare Din Moldova\",\"numberOfEmployees\":{\"@type\":\"QuantitativeValue\",\"minValue\":\"51\",\"maxValue\":\"200\"}},{\"@type\":\"Person\",\"@id\":\"https:\/\/afam.md\/en\/#\/schema\/person\/f1e5fae3e1fb398d34fedbe21728cf00\",\"name\":\"AFAM MD\",\"image\":{\"@type\":\"ImageObject\",\"inLanguage\":\"ru-RU\",\"@id\":\"https:\/\/afam.md\/en\/#\/schema\/person\/image\/\",\"url\":\"https:\/\/afam.md\/wp-content\/litespeed\/avatar\/4b4e67be5fef2abbd79000cd96849830.jpg?ver=1776689026\",\"contentUrl\":\"https:\/\/afam.md\/wp-content\/litespeed\/avatar\/4b4e67be5fef2abbd79000cd96849830.jpg?ver=1776689026\",\"caption\":\"AFAM MD\"},\"sameAs\":[\"https:\/\/afam.md\"]}]}<\/script>\n<!-- \/ Yoast SEO Premium plugin. -->","yoast_head_json":{"title":"Forumul femeilor antreprenoare de pe ambele maluri ale Nistrului - AFAM MD","robots":{"index":"index","follow":"follow","max-snippet":"max-snippet:-1","max-image-preview":"max-image-preview:large","max-video-preview":"max-video-preview:-1"},"canonical":"https:\/\/afam.md\/ru\/forumul-femeilore-antreprenoare-de-pe-ambele-maluri-ale-nistrului\/","og_locale":"ru_RU","og_type":"article","og_title":"Forumul femeilor antreprenoare de pe ambele maluri ale Nistrului","og_description":"Asocia\u021bia Femeilor Antreprenoare din Moldova \u00eempreun\u0103 cu Regional Association of Ceative Laboratories, Arts and Crafts din Transnistria au organizat pe data de 30 octombrie 2017 la Tiraspol, primul Forum al [&hellip;]","og_url":"https:\/\/afam.md\/ru\/forumul-femeilore-antreprenoare-de-pe-ambele-maluri-ale-nistrului\/","og_site_name":"AFAM MD","article_publisher":"https:\/\/www.facebook.com\/AFAMMoldova\/","article_published_time":"2017-12-18T09:43:13+00:00","article_modified_time":"2024-10-03T08:08:23+00:00","og_image":[{"width":960,"height":609,"url":"https:\/\/afam.md\/wp-content\/uploads\/2024\/09\/Trans4.jpg","type":"image\/jpeg"}],"author":"AFAM MD","twitter_card":"summary_large_image","twitter_misc":{"\u041d\u0430\u043f\u0438\u0441\u0430\u043d\u043e \u0430\u0432\u0442\u043e\u0440\u043e\u043c":"AFAM MD","\u041f\u0440\u0438\u043c\u0435\u0440\u043d\u043e\u0435 \u0432\u0440\u0435\u043c\u044f \u0434\u043b\u044f \u0447\u0442\u0435\u043d\u0438\u044f":"1 \u043c\u0438\u043d\u0443\u0442\u0430"},"schema":{"@context":"https:\/\/schema.org","@graph":[{"@type":"Article","@id":"https:\/\/afam.md\/forumul-femeilore-antreprenoare-de-pe-ambele-maluri-ale-nistrului\/#article","isPartOf":{"@id":"https:\/\/afam.md\/forumul-femeilore-antreprenoare-de-pe-ambele-maluri-ale-nistrului\/"},"author":{"name":"AFAM MD","@id":"https:\/\/afam.md\/en\/#\/schema\/person\/f1e5fae3e1fb398d34fedbe21728cf00"},"headline":"Forumul femeilor antreprenoare de pe ambele maluri ale Nistrului","datePublished":"2017-12-18T09:43:13+00:00","dateModified":"2024-10-03T08:08:23+00:00","mainEntityOfPage":{"@id":"https:\/\/afam.md\/forumul-femeilore-antreprenoare-de-pe-ambele-maluri-ale-nistrului\/"},"wordCount":257,"publisher":{"@id":"https:\/\/afam.md\/en\/#organization"},"image":{"@id":"https:\/\/afam.md\/forumul-femeilore-antreprenoare-de-pe-ambele-maluri-ale-nistrului\/#primaryimage"},"thumbnailUrl":"https:\/\/afam.md\/wp-content\/uploads\/2024\/09\/Trans4.jpg","articleSection":["Activit\u0103\u021bi","BUSINESS"],"inLanguage":"ru-RU"},{"@type":"WebPage","@id":"https:\/\/afam.md\/forumul-femeilore-antreprenoare-de-pe-ambele-maluri-ale-nistrului\/","url":"https:\/\/afam.md\/forumul-femeilore-antreprenoare-de-pe-ambele-maluri-ale-nistrului\/","name":"Forumul femeilor antreprenoare de pe ambele maluri ale Nistrului - AFAM MD","isPartOf":{"@id":"https:\/\/afam.md\/en\/#website"},"primaryImageOfPage":{"@id":"https:\/\/afam.md\/forumul-femeilore-antreprenoare-de-pe-ambele-maluri-ale-nistrului\/#primaryimage"},"image":{"@id":"https:\/\/afam.md\/forumul-femeilore-antreprenoare-de-pe-ambele-maluri-ale-nistrului\/#primaryimage"},"thumbnailUrl":"https:\/\/afam.md\/wp-content\/uploads\/2024\/09\/Trans4.jpg","datePublished":"2017-12-18T09:43:13+00:00","dateModified":"2024-10-03T08:08:23+00:00","breadcrumb":{"@id":"https:\/\/afam.md\/forumul-femeilore-antreprenoare-de-pe-ambele-maluri-ale-nistrului\/#breadcrumb"},"inLanguage":"ru-RU","potentialAction":[{"@type":"ReadAction","target":["https:\/\/afam.md\/forumul-femeilore-antreprenoare-de-pe-ambele-maluri-ale-nistrului\/"]}]},{"@type":"ImageObject","inLanguage":"ru-RU","@id":"https:\/\/afam.md\/forumul-femeilore-antreprenoare-de-pe-ambele-maluri-ale-nistrului\/#primaryimage","url":"https:\/\/afam.md\/wp-content\/uploads\/2024\/09\/Trans4.jpg","contentUrl":"https:\/\/afam.md\/wp-content\/uploads\/2024\/09\/Trans4.jpg","width":960,"height":609},{"@type":"BreadcrumbList","@id":"https:\/\/afam.md\/forumul-femeilore-antreprenoare-de-pe-ambele-maluri-ale-nistrului\/#breadcrumb","itemListElement":[{"@type":"ListItem","position":1,"name":"\u0413\u043b\u0430\u0432\u043d\u0430\u044f","item":"https:\/\/afam.md\/"},{"@type":"ListItem","position":2,"name":"Forumul femeilor antreprenoare de pe ambele maluri ale Nistrului"}]},{"@type":"WebSite","@id":"https:\/\/afam.md\/en\/#website","url":"https:\/\/afam.md\/en\/","name":"AFAM MD","description":"Asocia\u021bia Femeilor Antreprenoare Din Moldova","publisher":{"@id":"https:\/\/afam.md\/en\/#organization"},"potentialAction":[{"@type":"SearchAction","target":{"@type":"EntryPoint","urlTemplate":"https:\/\/afam.md\/en\/?s={search_term_string}"},"query-input":{"@type":"PropertyValueSpecification","valueRequired":true,"valueName":"search_term_string"}}],"inLanguage":"ru-RU"},{"@type":"Organization","@id":"https:\/\/afam.md\/en\/#organization","name":"Asocia\u021bia Femeilor Antreprenoare Din Moldova","alternateName":"AFAM","url":"https:\/\/afam.md\/en\/","logo":{"@type":"ImageObject","inLanguage":"ru-RU","@id":"https:\/\/afam.md\/en\/#\/schema\/logo\/image\/","url":"https:\/\/afam.md\/wp-content\/uploads\/2024\/11\/logo-blue.svg","contentUrl":"https:\/\/afam.md\/wp-content\/uploads\/2024\/11\/logo-blue.svg","width":1874,"height":650,"caption":"Asocia\u021bia Femeilor Antreprenoare Din Moldova"},"image":{"@id":"https:\/\/afam.md\/en\/#\/schema\/logo\/image\/"},"sameAs":["https:\/\/www.facebook.com\/AFAMMoldova\/","https:\/\/www.instagram.com\/afammoldova\/?hl=en","https:\/\/md.linkedin.com\/in\/afam-moldova-285159174"],"email":"afammoldova@gmail.com","telephone":"(+373) 76 767 670","legalName":"Asocia\u021bia Femeilor Antreprenoare Din Moldova","numberOfEmployees":{"@type":"QuantitativeValue","minValue":"51","maxValue":"200"}},{"@type":"Person","@id":"https:\/\/afam.md\/en\/#\/schema\/person\/f1e5fae3e1fb398d34fedbe21728cf00","name":"AFAM MD","image":{"@type":"ImageObject","inLanguage":"ru-RU","@id":"https:\/\/afam.md\/en\/#\/schema\/person\/image\/","url":"https:\/\/afam.md\/wp-content\/litespeed\/avatar\/4b4e67be5fef2abbd79000cd96849830.jpg?ver=1776689026","contentUrl":"https:\/\/afam.md\/wp-content\/litespeed\/avatar\/4b4e67be5fef2abbd79000cd96849830.jpg?ver=1776689026","caption":"AFAM MD"},"sameAs":["https:\/\/afam.md"]}]}},"_links":{"self":[{"href":"https:\/\/afam.md\/ru\/wp-json\/wp\/v2\/posts\/85939","targetHints":{"allow":["GET"]}}],"collection":[{"href":"https:\/\/afam.md\/ru\/wp-json\/wp\/v2\/posts"}],"about":[{"href":"https:\/\/afam.md\/ru\/wp-json\/wp\/v2\/types\/post"}],"author":[{"embeddable":true,"href":"https:\/\/afam.md\/ru\/wp-json\/wp\/v2\/users\/1"}],"replies":[{"embeddable":true,"href":"https:\/\/afam.md\/ru\/wp-json\/wp\/v2\/comments?post=85939"}],"version-history":[{"count":0,"href":"https:\/\/afam.md\/ru\/wp-json\/wp\/v2\/posts\/85939\/revisions"}],"wp:featuredmedia":[{"embeddable":true,"href":"https:\/\/afam.md\/ru\/wp-json\/wp\/v2\/media\/76653"}],"wp:attachment":[{"href":"https:\/\/afam.md\/ru\/wp-json\/wp\/v2\/media?parent=85939"}],"wp:term":[{"taxonomy":"category","embeddable":true,"href":"https:\/\/afam.md\/ru\/wp-json\/wp\/v2\/categories?post=85939"},{"taxonomy":"post_tag","embeddable":true,"href":"https:\/\/afam.md\/ru\/wp-json\/wp\/v2\/tags?post=85939"}],"curies":[{"name":"wp","href":"https:\/\/api.w.org\/{rel}","templated":true}]}}