{"id":94549,"date":"2026-03-23T13:59:47","date_gmt":"2026-03-23T11:59:47","guid":{"rendered":"https:\/\/afam.md\/?p=94549"},"modified":"2026-03-27T14:02:12","modified_gmt":"2026-03-27T12:02:12","slug":"business-brunch-afam-cu-guido-beltrani-dialog-strategic-despre-cooperare-internationala-si-dezvoltare-economica","status":"publish","type":"post","link":"https:\/\/afam.md\/ru\/business-brunch-afam-cu-guido-beltrani-dialog-strategic-despre-cooperare-internationala-si-dezvoltare-economica\/","title":{"rendered":"Business Brunch AFAM cu Guido Beltrani: dialog strategic despre cooperare interna\u021bional\u0103 \u0219i dezvoltare economic\u0103"},"content":{"rendered":"<p>Asocia\u021bia Femeilor Antreprenoare din Moldova (AFAM) organizeaz\u0103 o edi\u021bie special\u0103 de Business Brunch, dedicat\u0103 dialogului dintre antreprenoriat \u0219i partenerii de dezvoltare interna\u021bionali.<\/p>\n\n\n\n<p>Evenimentul \u00eel are ca invitat special pe Guido Beltrani, Directorul Biroului de Cooperare al Elve\u021biei \u00een Republica Moldova, care va \u00eemp\u0103rt\u0103\u0219i perspective valoroase privind dezvoltarea economic\u0103, parteneriatele public-private \u0219i rolul cooper\u0103rii interna\u021bionale \u00een sus\u021binerea mediului de afaceri.<\/p>\n\n\n\n<p>Cu o experien\u021b\u0103 extins\u0103 \u00een gestionarea programelor de dezvoltare \u00een mai multe \u021b\u0103ri europene, Guido Beltrani va aborda teme relevante pentru antreprenori, inclusiv oportunit\u0103\u021bi de colaborare, modele de succes \u0219i direc\u021bii strategice pentru consolidarea ecosistemului antreprenorial.<\/p>\n\n\n\n<p>Evenimentul ofer\u0103 un cadru deschis pentru dialog, schimb de idei \u0219i networking \u00eentre membrele comunit\u0103\u021bii AFAM \u0219i partenerii institu\u021bionali.<\/p>\n\n\n\n<p><strong>Detalii eveniment:<\/strong><br>\ud83d\udcc5 Data: 26 martie 2026<br>\ud83d\udd54 Ora: 17:00<br>\ud83d\udccd Loca\u021bia: GLIA Impact Hub, Chi\u0219in\u0103u<\/p>\n\n\n\n<figure class=\"wp-block-image size-full\"><img loading=\"lazy\" decoding=\"async\" width=\"940\" height=\"788\" src=\"https:\/\/afam.md\/wp-content\/uploads\/2026\/03\/image-193.png\" alt=\"\" class=\"wp-image-94550\" srcset=\"https:\/\/afam.md\/wp-content\/uploads\/2026\/03\/image-193.png 940w, https:\/\/afam.md\/wp-content\/uploads\/2026\/03\/image-193-14x12.png 14w, https:\/\/afam.md\/wp-content\/uploads\/2026\/03\/image-193-200x168.png 200w\" sizes=\"auto, (max-width: 940px) 100vw, 940px\" \/><\/figure>","protected":false},"excerpt":{"rendered":"<p>Asocia\u021bia Femeilor Antreprenoare din Moldova (AFAM) organizeaz\u0103 o edi\u021bie special\u0103 de Business Brunch, dedicat\u0103 dialogului dintre antreprenoriat \u0219i partenerii de dezvoltare interna\u021bionali. Evenimentul \u00eel are ca invitat special pe Guido [&hellip;]<\/p>","protected":false},"author":12,"featured_media":94553,"comment_status":"close","ping_status":"closed","sticky":false,"template":"","format":"standard","meta":{"_EventAllDay":false,"_EventTimezone":"","_EventStartDate":"","_EventEndDate":"","_EventStartDateUTC":"","_EventEndDateUTC":"","_EventShowMap":false,"_EventShowMapLink":false,"_EventURL":"","_EventCost":"","_EventCostDescription":"","_EventCurrencySymbol":"","_EventCurrencyCode":"","_EventCurrencyPosition":"","_EventDateTimeSeparator":"","_EventTimeRangeSeparator":"","_EventOrganizerID":[],"_EventVenueID":[],"_OrganizerEmail":"","_OrganizerPhone":"","_OrganizerWebsite":"","_VenueAddress":"","_VenueCity":"","_VenueCountry":"","_VenueProvince":"","_VenueState":"","_VenueZip":"","_VenuePhone":"","_VenueURL":"","_VenueStateProvince":"","_VenueLat":"","_VenueLng":"","_VenueShowMap":false,"_VenueShowMapLink":false,"footnotes":""},"categories":[303,1],"tags":[],"class_list":["post-94549","post","type-post","status-publish","format-standard","has-post-thumbnail","hentry","category-noutati","category-1"],"yoast_head":"<!-- This site is optimized with the Yoast SEO Premium plugin v23.8 (Yoast SEO v25.1) - https:\/\/yoast.com\/wordpress\/plugins\/seo\/ -->\n<title>Business Brunch AFAM cu Guido Beltrani: dialog strategic despre cooperare interna\u021bional\u0103 \u0219i dezvoltare economic\u0103 - AFAM MD<\/title>\n<meta name=\"robots\" content=\"index, follow, max-snippet:-1, max-image-preview:large, max-video-preview:-1\" \/>\n<link rel=\"canonical\" href=\"https:\/\/afam.md\/ru\/business-brunch-afam-cu-guido-beltrani-dialog-strategic-despre-cooperare-internationala-si-dezvoltare-economica\/\" \/>\n<meta property=\"og:locale\" content=\"ru_RU\" \/>\n<meta property=\"og:type\" content=\"article\" \/>\n<meta property=\"og:title\" content=\"Business Brunch AFAM cu Guido Beltrani: dialog strategic despre cooperare interna\u021bional\u0103 \u0219i dezvoltare economic\u0103\" \/>\n<meta property=\"og:description\" content=\"Asocia\u021bia Femeilor Antreprenoare din Moldova (AFAM) organizeaz\u0103 o edi\u021bie special\u0103 de Business Brunch, dedicat\u0103 dialogului dintre antreprenoriat \u0219i partenerii de dezvoltare interna\u021bionali. Evenimentul \u00eel are ca invitat special pe Guido [&hellip;]\" \/>\n<meta property=\"og:url\" content=\"https:\/\/afam.md\/ru\/business-brunch-afam-cu-guido-beltrani-dialog-strategic-despre-cooperare-internationala-si-dezvoltare-economica\/\" \/>\n<meta property=\"og:site_name\" content=\"AFAM MD\" \/>\n<meta property=\"article:publisher\" content=\"https:\/\/www.facebook.com\/AFAMMoldova\/\" \/>\n<meta property=\"article:published_time\" content=\"2026-03-23T11:59:47+00:00\" \/>\n<meta property=\"article:modified_time\" content=\"2026-03-27T12:02:12+00:00\" \/>\n<meta property=\"og:image\" content=\"https:\/\/afam.md\/wp-content\/uploads\/2026\/03\/image-194.png\" \/>\n\t<meta property=\"og:image:width\" content=\"952\" \/>\n\t<meta property=\"og:image:height\" content=\"1086\" \/>\n\t<meta property=\"og:image:type\" content=\"image\/png\" \/>\n<meta name=\"author\" content=\"AFAM MD\" \/>\n<meta name=\"twitter:card\" content=\"summary_large_image\" \/>\n<meta name=\"twitter:label1\" content=\"\u041d\u0430\u043f\u0438\u0441\u0430\u043d\u043e \u0430\u0432\u0442\u043e\u0440\u043e\u043c\" \/>\n\t<meta name=\"twitter:data1\" content=\"AFAM MD\" \/>\n\t<meta name=\"twitter:label2\" content=\"\u041f\u0440\u0438\u043c\u0435\u0440\u043d\u043e\u0435 \u0432\u0440\u0435\u043c\u044f \u0434\u043b\u044f \u0447\u0442\u0435\u043d\u0438\u044f\" \/>\n\t<meta name=\"twitter:data2\" content=\"2 \u043c\u0438\u043d\u0443\u0442\u044b\" \/>\n<script type=\"application\/ld+json\" class=\"yoast-schema-graph\">{\"@context\":\"https:\/\/schema.org\",\"@graph\":[{\"@type\":\"Article\",\"@id\":\"https:\/\/afam.md\/business-brunch-afam-cu-guido-beltrani-dialog-strategic-despre-cooperare-internationala-si-dezvoltare-economica\/#article\",\"isPartOf\":{\"@id\":\"https:\/\/afam.md\/business-brunch-afam-cu-guido-beltrani-dialog-strategic-despre-cooperare-internationala-si-dezvoltare-economica\/\"},\"author\":{\"name\":\"AFAM MD\",\"@id\":\"https:\/\/afam.md\/en\/#\/schema\/person\/17287dfbab7aa18699c0b1f57b744246\"},\"headline\":\"Business Brunch AFAM cu Guido Beltrani: dialog strategic despre cooperare interna\u021bional\u0103 \u0219i dezvoltare economic\u0103\",\"datePublished\":\"2026-03-23T11:59:47+00:00\",\"dateModified\":\"2026-03-27T12:02:12+00:00\",\"mainEntityOfPage\":{\"@id\":\"https:\/\/afam.md\/business-brunch-afam-cu-guido-beltrani-dialog-strategic-despre-cooperare-internationala-si-dezvoltare-economica\/\"},\"wordCount\":155,\"publisher\":{\"@id\":\"https:\/\/afam.md\/en\/#organization\"},\"image\":{\"@id\":\"https:\/\/afam.md\/business-brunch-afam-cu-guido-beltrani-dialog-strategic-despre-cooperare-internationala-si-dezvoltare-economica\/#primaryimage\"},\"thumbnailUrl\":\"https:\/\/afam.md\/wp-content\/uploads\/2026\/03\/image-194.png\",\"articleSection\":[\"Nout\u0103\u021bi\",\"\u0411\u0435\u0437 \u043a\u0430\u0442\u0435\u0433\u043e\u0440\u0438\u0438\"],\"inLanguage\":\"ru-RU\"},{\"@type\":\"WebPage\",\"@id\":\"https:\/\/afam.md\/business-brunch-afam-cu-guido-beltrani-dialog-strategic-despre-cooperare-internationala-si-dezvoltare-economica\/\",\"url\":\"https:\/\/afam.md\/business-brunch-afam-cu-guido-beltrani-dialog-strategic-despre-cooperare-internationala-si-dezvoltare-economica\/\",\"name\":\"Business Brunch AFAM cu Guido Beltrani: dialog strategic despre cooperare interna\u021bional\u0103 \u0219i dezvoltare economic\u0103 - AFAM MD\",\"isPartOf\":{\"@id\":\"https:\/\/afam.md\/en\/#website\"},\"primaryImageOfPage\":{\"@id\":\"https:\/\/afam.md\/business-brunch-afam-cu-guido-beltrani-dialog-strategic-despre-cooperare-internationala-si-dezvoltare-economica\/#primaryimage\"},\"image\":{\"@id\":\"https:\/\/afam.md\/business-brunch-afam-cu-guido-beltrani-dialog-strategic-despre-cooperare-internationala-si-dezvoltare-economica\/#primaryimage\"},\"thumbnailUrl\":\"https:\/\/afam.md\/wp-content\/uploads\/2026\/03\/image-194.png\",\"datePublished\":\"2026-03-23T11:59:47+00:00\",\"dateModified\":\"2026-03-27T12:02:12+00:00\",\"breadcrumb\":{\"@id\":\"https:\/\/afam.md\/business-brunch-afam-cu-guido-beltrani-dialog-strategic-despre-cooperare-internationala-si-dezvoltare-economica\/#breadcrumb\"},\"inLanguage\":\"ru-RU\",\"potentialAction\":[{\"@type\":\"ReadAction\",\"target\":[\"https:\/\/afam.md\/business-brunch-afam-cu-guido-beltrani-dialog-strategic-despre-cooperare-internationala-si-dezvoltare-economica\/\"]}]},{\"@type\":\"ImageObject\",\"inLanguage\":\"ru-RU\",\"@id\":\"https:\/\/afam.md\/business-brunch-afam-cu-guido-beltrani-dialog-strategic-despre-cooperare-internationala-si-dezvoltare-economica\/#primaryimage\",\"url\":\"https:\/\/afam.md\/wp-content\/uploads\/2026\/03\/image-194.png\",\"contentUrl\":\"https:\/\/afam.md\/wp-content\/uploads\/2026\/03\/image-194.png\",\"width\":952,\"height\":1086},{\"@type\":\"BreadcrumbList\",\"@id\":\"https:\/\/afam.md\/business-brunch-afam-cu-guido-beltrani-dialog-strategic-despre-cooperare-internationala-si-dezvoltare-economica\/#breadcrumb\",\"itemListElement\":[{\"@type\":\"ListItem\",\"position\":1,\"name\":\"\u0413\u043b\u0430\u0432\u043d\u0430\u044f\",\"item\":\"https:\/\/afam.md\/\"},{\"@type\":\"ListItem\",\"position\":2,\"name\":\"Business Brunch AFAM cu Guido Beltrani: dialog strategic despre cooperare interna\u021bional\u0103 \u0219i dezvoltare economic\u0103\"}]},{\"@type\":\"WebSite\",\"@id\":\"https:\/\/afam.md\/en\/#website\",\"url\":\"https:\/\/afam.md\/en\/\",\"name\":\"AFAM MD\",\"description\":\"Asocia\u021bia Femeilor Antreprenoare Din Moldova\",\"publisher\":{\"@id\":\"https:\/\/afam.md\/en\/#organization\"},\"potentialAction\":[{\"@type\":\"SearchAction\",\"target\":{\"@type\":\"EntryPoint\",\"urlTemplate\":\"https:\/\/afam.md\/en\/?s={search_term_string}\"},\"query-input\":{\"@type\":\"PropertyValueSpecification\",\"valueRequired\":true,\"valueName\":\"search_term_string\"}}],\"inLanguage\":\"ru-RU\"},{\"@type\":\"Organization\",\"@id\":\"https:\/\/afam.md\/en\/#organization\",\"name\":\"Asocia\u021bia Femeilor Antreprenoare Din Moldova\",\"alternateName\":\"AFAM\",\"url\":\"https:\/\/afam.md\/en\/\",\"logo\":{\"@type\":\"ImageObject\",\"inLanguage\":\"ru-RU\",\"@id\":\"https:\/\/afam.md\/en\/#\/schema\/logo\/image\/\",\"url\":\"https:\/\/afam.md\/wp-content\/uploads\/2024\/11\/logo-blue.svg\",\"contentUrl\":\"https:\/\/afam.md\/wp-content\/uploads\/2024\/11\/logo-blue.svg\",\"width\":1874,\"height\":650,\"caption\":\"Asocia\u021bia Femeilor Antreprenoare Din Moldova\"},\"image\":{\"@id\":\"https:\/\/afam.md\/en\/#\/schema\/logo\/image\/\"},\"sameAs\":[\"https:\/\/www.facebook.com\/AFAMMoldova\/\",\"https:\/\/www.instagram.com\/afammoldova\/?hl=en\",\"https:\/\/md.linkedin.com\/in\/afam-moldova-285159174\"],\"email\":\"afammoldova@gmail.com\",\"telephone\":\"(+373) 76 767 670\",\"legalName\":\"Asocia\u021bia Femeilor Antreprenoare Din Moldova\",\"numberOfEmployees\":{\"@type\":\"QuantitativeValue\",\"minValue\":\"51\",\"maxValue\":\"200\"}},{\"@type\":\"Person\",\"@id\":\"https:\/\/afam.md\/en\/#\/schema\/person\/17287dfbab7aa18699c0b1f57b744246\",\"name\":\"AFAM MD\",\"image\":{\"@type\":\"ImageObject\",\"inLanguage\":\"ru-RU\",\"@id\":\"https:\/\/afam.md\/en\/#\/schema\/person\/image\/\",\"url\":\"https:\/\/afam.md\/wp-content\/litespeed\/avatar\/4f640660c9b0a6879bbbb91886b92071.jpg?ver=1777275140\",\"contentUrl\":\"https:\/\/afam.md\/wp-content\/litespeed\/avatar\/4f640660c9b0a6879bbbb91886b92071.jpg?ver=1777275140\",\"caption\":\"AFAM MD\"}}]}<\/script>\n<!-- \/ Yoast SEO Premium plugin. -->","yoast_head_json":{"title":"Business Brunch AFAM cu Guido Beltrani: dialog strategic despre cooperare interna\u021bional\u0103 \u0219i dezvoltare economic\u0103 - AFAM MD","robots":{"index":"index","follow":"follow","max-snippet":"max-snippet:-1","max-image-preview":"max-image-preview:large","max-video-preview":"max-video-preview:-1"},"canonical":"https:\/\/afam.md\/ru\/business-brunch-afam-cu-guido-beltrani-dialog-strategic-despre-cooperare-internationala-si-dezvoltare-economica\/","og_locale":"ru_RU","og_type":"article","og_title":"Business Brunch AFAM cu Guido Beltrani: dialog strategic despre cooperare interna\u021bional\u0103 \u0219i dezvoltare economic\u0103","og_description":"Asocia\u021bia Femeilor Antreprenoare din Moldova (AFAM) organizeaz\u0103 o edi\u021bie special\u0103 de Business Brunch, dedicat\u0103 dialogului dintre antreprenoriat \u0219i partenerii de dezvoltare interna\u021bionali. Evenimentul \u00eel are ca invitat special pe Guido [&hellip;]","og_url":"https:\/\/afam.md\/ru\/business-brunch-afam-cu-guido-beltrani-dialog-strategic-despre-cooperare-internationala-si-dezvoltare-economica\/","og_site_name":"AFAM MD","article_publisher":"https:\/\/www.facebook.com\/AFAMMoldova\/","article_published_time":"2026-03-23T11:59:47+00:00","article_modified_time":"2026-03-27T12:02:12+00:00","og_image":[{"width":952,"height":1086,"url":"https:\/\/afam.md\/wp-content\/uploads\/2026\/03\/image-194.png","type":"image\/png"}],"author":"AFAM MD","twitter_card":"summary_large_image","twitter_misc":{"\u041d\u0430\u043f\u0438\u0441\u0430\u043d\u043e \u0430\u0432\u0442\u043e\u0440\u043e\u043c":"AFAM MD","\u041f\u0440\u0438\u043c\u0435\u0440\u043d\u043e\u0435 \u0432\u0440\u0435\u043c\u044f \u0434\u043b\u044f \u0447\u0442\u0435\u043d\u0438\u044f":"2 \u043c\u0438\u043d\u0443\u0442\u044b"},"schema":{"@context":"https:\/\/schema.org","@graph":[{"@type":"Article","@id":"https:\/\/afam.md\/business-brunch-afam-cu-guido-beltrani-dialog-strategic-despre-cooperare-internationala-si-dezvoltare-economica\/#article","isPartOf":{"@id":"https:\/\/afam.md\/business-brunch-afam-cu-guido-beltrani-dialog-strategic-despre-cooperare-internationala-si-dezvoltare-economica\/"},"author":{"name":"AFAM MD","@id":"https:\/\/afam.md\/en\/#\/schema\/person\/17287dfbab7aa18699c0b1f57b744246"},"headline":"Business Brunch AFAM cu Guido Beltrani: dialog strategic despre cooperare interna\u021bional\u0103 \u0219i dezvoltare economic\u0103","datePublished":"2026-03-23T11:59:47+00:00","dateModified":"2026-03-27T12:02:12+00:00","mainEntityOfPage":{"@id":"https:\/\/afam.md\/business-brunch-afam-cu-guido-beltrani-dialog-strategic-despre-cooperare-internationala-si-dezvoltare-economica\/"},"wordCount":155,"publisher":{"@id":"https:\/\/afam.md\/en\/#organization"},"image":{"@id":"https:\/\/afam.md\/business-brunch-afam-cu-guido-beltrani-dialog-strategic-despre-cooperare-internationala-si-dezvoltare-economica\/#primaryimage"},"thumbnailUrl":"https:\/\/afam.md\/wp-content\/uploads\/2026\/03\/image-194.png","articleSection":["Nout\u0103\u021bi","\u0411\u0435\u0437 \u043a\u0430\u0442\u0435\u0433\u043e\u0440\u0438\u0438"],"inLanguage":"ru-RU"},{"@type":"WebPage","@id":"https:\/\/afam.md\/business-brunch-afam-cu-guido-beltrani-dialog-strategic-despre-cooperare-internationala-si-dezvoltare-economica\/","url":"https:\/\/afam.md\/business-brunch-afam-cu-guido-beltrani-dialog-strategic-despre-cooperare-internationala-si-dezvoltare-economica\/","name":"Business Brunch AFAM cu Guido Beltrani: dialog strategic despre cooperare interna\u021bional\u0103 \u0219i dezvoltare economic\u0103 - AFAM MD","isPartOf":{"@id":"https:\/\/afam.md\/en\/#website"},"primaryImageOfPage":{"@id":"https:\/\/afam.md\/business-brunch-afam-cu-guido-beltrani-dialog-strategic-despre-cooperare-internationala-si-dezvoltare-economica\/#primaryimage"},"image":{"@id":"https:\/\/afam.md\/business-brunch-afam-cu-guido-beltrani-dialog-strategic-despre-cooperare-internationala-si-dezvoltare-economica\/#primaryimage"},"thumbnailUrl":"https:\/\/afam.md\/wp-content\/uploads\/2026\/03\/image-194.png","datePublished":"2026-03-23T11:59:47+00:00","dateModified":"2026-03-27T12:02:12+00:00","breadcrumb":{"@id":"https:\/\/afam.md\/business-brunch-afam-cu-guido-beltrani-dialog-strategic-despre-cooperare-internationala-si-dezvoltare-economica\/#breadcrumb"},"inLanguage":"ru-RU","potentialAction":[{"@type":"ReadAction","target":["https:\/\/afam.md\/business-brunch-afam-cu-guido-beltrani-dialog-strategic-despre-cooperare-internationala-si-dezvoltare-economica\/"]}]},{"@type":"ImageObject","inLanguage":"ru-RU","@id":"https:\/\/afam.md\/business-brunch-afam-cu-guido-beltrani-dialog-strategic-despre-cooperare-internationala-si-dezvoltare-economica\/#primaryimage","url":"https:\/\/afam.md\/wp-content\/uploads\/2026\/03\/image-194.png","contentUrl":"https:\/\/afam.md\/wp-content\/uploads\/2026\/03\/image-194.png","width":952,"height":1086},{"@type":"BreadcrumbList","@id":"https:\/\/afam.md\/business-brunch-afam-cu-guido-beltrani-dialog-strategic-despre-cooperare-internationala-si-dezvoltare-economica\/#breadcrumb","itemListElement":[{"@type":"ListItem","position":1,"name":"\u0413\u043b\u0430\u0432\u043d\u0430\u044f","item":"https:\/\/afam.md\/"},{"@type":"ListItem","position":2,"name":"Business Brunch AFAM cu Guido Beltrani: dialog strategic despre cooperare interna\u021bional\u0103 \u0219i dezvoltare economic\u0103"}]},{"@type":"WebSite","@id":"https:\/\/afam.md\/en\/#website","url":"https:\/\/afam.md\/en\/","name":"AFAM MD","description":"Asocia\u021bia Femeilor Antreprenoare Din Moldova","publisher":{"@id":"https:\/\/afam.md\/en\/#organization"},"potentialAction":[{"@type":"SearchAction","target":{"@type":"EntryPoint","urlTemplate":"https:\/\/afam.md\/en\/?s={search_term_string}"},"query-input":{"@type":"PropertyValueSpecification","valueRequired":true,"valueName":"search_term_string"}}],"inLanguage":"ru-RU"},{"@type":"Organization","@id":"https:\/\/afam.md\/en\/#organization","name":"Asocia\u021bia Femeilor Antreprenoare Din Moldova","alternateName":"AFAM","url":"https:\/\/afam.md\/en\/","logo":{"@type":"ImageObject","inLanguage":"ru-RU","@id":"https:\/\/afam.md\/en\/#\/schema\/logo\/image\/","url":"https:\/\/afam.md\/wp-content\/uploads\/2024\/11\/logo-blue.svg","contentUrl":"https:\/\/afam.md\/wp-content\/uploads\/2024\/11\/logo-blue.svg","width":1874,"height":650,"caption":"Asocia\u021bia Femeilor Antreprenoare Din Moldova"},"image":{"@id":"https:\/\/afam.md\/en\/#\/schema\/logo\/image\/"},"sameAs":["https:\/\/www.facebook.com\/AFAMMoldova\/","https:\/\/www.instagram.com\/afammoldova\/?hl=en","https:\/\/md.linkedin.com\/in\/afam-moldova-285159174"],"email":"afammoldova@gmail.com","telephone":"(+373) 76 767 670","legalName":"Asocia\u021bia Femeilor Antreprenoare Din Moldova","numberOfEmployees":{"@type":"QuantitativeValue","minValue":"51","maxValue":"200"}},{"@type":"Person","@id":"https:\/\/afam.md\/en\/#\/schema\/person\/17287dfbab7aa18699c0b1f57b744246","name":"AFAM MD","image":{"@type":"ImageObject","inLanguage":"ru-RU","@id":"https:\/\/afam.md\/en\/#\/schema\/person\/image\/","url":"https:\/\/afam.md\/wp-content\/litespeed\/avatar\/4f640660c9b0a6879bbbb91886b92071.jpg?ver=1777275140","contentUrl":"https:\/\/afam.md\/wp-content\/litespeed\/avatar\/4f640660c9b0a6879bbbb91886b92071.jpg?ver=1777275140","caption":"AFAM MD"}}]}},"_links":{"self":[{"href":"https:\/\/afam.md\/ru\/wp-json\/wp\/v2\/posts\/94549","targetHints":{"allow":["GET"]}}],"collection":[{"href":"https:\/\/afam.md\/ru\/wp-json\/wp\/v2\/posts"}],"about":[{"href":"https:\/\/afam.md\/ru\/wp-json\/wp\/v2\/types\/post"}],"author":[{"embeddable":true,"href":"https:\/\/afam.md\/ru\/wp-json\/wp\/v2\/users\/12"}],"replies":[{"embeddable":true,"href":"https:\/\/afam.md\/ru\/wp-json\/wp\/v2\/comments?post=94549"}],"version-history":[{"count":1,"href":"https:\/\/afam.md\/ru\/wp-json\/wp\/v2\/posts\/94549\/revisions"}],"predecessor-version":[{"id":94551,"href":"https:\/\/afam.md\/ru\/wp-json\/wp\/v2\/posts\/94549\/revisions\/94551"}],"wp:featuredmedia":[{"embeddable":true,"href":"https:\/\/afam.md\/ru\/wp-json\/wp\/v2\/media\/94553"}],"wp:attachment":[{"href":"https:\/\/afam.md\/ru\/wp-json\/wp\/v2\/media?parent=94549"}],"wp:term":[{"taxonomy":"category","embeddable":true,"href":"https:\/\/afam.md\/ru\/wp-json\/wp\/v2\/categories?post=94549"},{"taxonomy":"post_tag","embeddable":true,"href":"https:\/\/afam.md\/ru\/wp-json\/wp\/v2\/tags?post=94549"}],"curies":[{"name":"wp","href":"https:\/\/api.w.org\/{rel}","templated":true}]}}