{"id":94575,"date":"2026-03-27T14:21:46","date_gmt":"2026-03-27T12:21:46","guid":{"rendered":"https:\/\/afam.md\/?p=94575"},"modified":"2026-03-27T14:21:51","modified_gmt":"2026-03-27T12:21:51","slug":"%f0%9f%92%ab-women-empowerment-month-7","status":"publish","type":"post","link":"https:\/\/afam.md\/ru\/\ud83d\udcab-women-empowerment-month-7\/","title":{"rendered":"\ud83d\udcab Women Empowerment Month"},"content":{"rendered":"<p>\u201eLa Agen\u021bia Propriet\u0103\u021bii Publice, egalitatea de \u0219anse \u0219i de gen se reflect\u0103 \u00een modul \u00een care lucr\u0103m, colabor\u0103m \u0219i construim leadershipul institu\u021bional. \u00cen gestionarea patrimoniului public, rezultatele durabile apar prin profesionalism, echilibru, responsabilitate \u0219i spirit de echip\u0103, iar femeile joac\u0103 un rol esen\u021bial \u00een acest proces.<\/p>\n\n\n\n<p>\u00cen cadrul APP activeaz\u0103 50 de femei, dintre care 17 ocup\u0103 func\u021bii de conducere, \u0219i 12 b\u0103rba\u021bi, dintre care 8 au func\u021bii de conducere. Aceste cifre eviden\u021biaz\u0103 prezen\u021ba puternic\u0103 a femeilor \u00een procesele decizionale \u0219i \u00een dezvoltarea organiza\u021bional\u0103.<\/p>\n\n\n\n<p>Sus\u021bin cu t\u0103rie femeile lider \u0219i antreprenoarele, care prin viziune, consecven\u021b\u0103 \u0219i curaj contribuie la consolidarea economiei \u0219i modernizarea societ\u0103\u021bii. O institu\u021bie puternic\u0103 se construie\u0219te atunci c\u00e2nd talentul, competen\u021ba \u0219i dedicarea sunt valorificate pe deplin.<\/p>\n\n\n\n<p>Prin campania HeForShe, reafirm sprijinul pentru o cultur\u0103 profesional\u0103 bazat\u0103 pe respect, \u00eencredere \u0219i oportunit\u0103\u021bi reale. Femeile lider inspir\u0103 echipe, dau direc\u021bie \u0219i aduc valoare \u00een fiecare proces care sus\u021bine buna administrare a propriet\u0103\u021bii publice.\u201d<\/p>\n\n\n\n<figure class=\"wp-block-image size-large\"><img loading=\"lazy\" decoding=\"async\" width=\"1024\" height=\"630\" src=\"https:\/\/afam.md\/wp-content\/uploads\/2026\/03\/image-211-1024x630.png\" alt=\"\" class=\"wp-image-94576\"\/><\/figure>\n\n\n\n<p><\/p>","protected":false},"excerpt":{"rendered":"<p>\u201eLa Agen\u021bia Propriet\u0103\u021bii Publice, egalitatea de \u0219anse \u0219i de gen se reflect\u0103 \u00een modul \u00een care lucr\u0103m, colabor\u0103m \u0219i construim leadershipul institu\u021bional. \u00cen gestionarea patrimoniului public, rezultatele durabile apar prin [&hellip;]<\/p>","protected":false},"author":12,"featured_media":94577,"comment_status":"close","ping_status":"closed","sticky":false,"template":"","format":"standard","meta":{"_EventAllDay":false,"_EventTimezone":"","_EventStartDate":"","_EventEndDate":"","_EventStartDateUTC":"","_EventEndDateUTC":"","_EventShowMap":false,"_EventShowMapLink":false,"_EventURL":"","_EventCost":"","_EventCostDescription":"","_EventCurrencySymbol":"","_EventCurrencyCode":"","_EventCurrencyPosition":"","_EventDateTimeSeparator":"","_EventTimeRangeSeparator":"","_EventOrganizerID":[],"_EventVenueID":[],"_OrganizerEmail":"","_OrganizerPhone":"","_OrganizerWebsite":"","_VenueAddress":"","_VenueCity":"","_VenueCountry":"","_VenueProvince":"","_VenueState":"","_VenueZip":"","_VenuePhone":"","_VenueURL":"","_VenueStateProvince":"","_VenueLat":"","_VenueLng":"","_VenueShowMap":false,"_VenueShowMapLink":false,"footnotes":""},"categories":[303],"tags":[],"class_list":["post-94575","post","type-post","status-publish","format-standard","has-post-thumbnail","hentry","category-noutati"],"yoast_head":"<!-- This site is optimized with the Yoast SEO Premium plugin v23.8 (Yoast SEO v25.1) - https:\/\/yoast.com\/wordpress\/plugins\/seo\/ -->\n<title>\ud83d\udcab Women Empowerment Month - AFAM MD<\/title>\n<meta name=\"robots\" content=\"index, follow, max-snippet:-1, max-image-preview:large, max-video-preview:-1\" \/>\n<link rel=\"canonical\" href=\"https:\/\/afam.md\/ru\/\ud83d\udcab-women-empowerment-month-7\/\" \/>\n<meta property=\"og:locale\" content=\"ru_RU\" \/>\n<meta property=\"og:type\" content=\"article\" \/>\n<meta property=\"og:title\" content=\"\ud83d\udcab Women Empowerment Month\" \/>\n<meta property=\"og:description\" content=\"\u201eLa Agen\u021bia Propriet\u0103\u021bii Publice, egalitatea de \u0219anse \u0219i de gen se reflect\u0103 \u00een modul \u00een care lucr\u0103m, colabor\u0103m \u0219i construim leadershipul institu\u021bional. \u00cen gestionarea patrimoniului public, rezultatele durabile apar prin [&hellip;]\" \/>\n<meta property=\"og:url\" content=\"https:\/\/afam.md\/ru\/\ud83d\udcab-women-empowerment-month-7\/\" \/>\n<meta property=\"og:site_name\" content=\"AFAM MD\" \/>\n<meta property=\"article:publisher\" content=\"https:\/\/www.facebook.com\/AFAMMoldova\/\" \/>\n<meta property=\"article:published_time\" content=\"2026-03-27T12:21:46+00:00\" \/>\n<meta property=\"article:modified_time\" content=\"2026-03-27T12:21:51+00:00\" \/>\n<meta property=\"og:image\" content=\"https:\/\/afam.md\/wp-content\/uploads\/2026\/03\/image-212-1024x1024.png\" \/>\n\t<meta property=\"og:image:width\" content=\"1024\" \/>\n\t<meta property=\"og:image:height\" content=\"1024\" \/>\n\t<meta property=\"og:image:type\" content=\"image\/png\" \/>\n<meta name=\"author\" content=\"AFAM MD\" \/>\n<meta name=\"twitter:card\" content=\"summary_large_image\" \/>\n<meta name=\"twitter:label1\" content=\"\u041d\u0430\u043f\u0438\u0441\u0430\u043d\u043e \u0430\u0432\u0442\u043e\u0440\u043e\u043c\" \/>\n\t<meta name=\"twitter:data1\" content=\"AFAM MD\" \/>\n\t<meta name=\"twitter:label2\" content=\"\u041f\u0440\u0438\u043c\u0435\u0440\u043d\u043e\u0435 \u0432\u0440\u0435\u043c\u044f \u0434\u043b\u044f \u0447\u0442\u0435\u043d\u0438\u044f\" \/>\n\t<meta name=\"twitter:data2\" content=\"2 \u043c\u0438\u043d\u0443\u0442\u044b\" \/>\n<script type=\"application\/ld+json\" class=\"yoast-schema-graph\">{\"@context\":\"https:\/\/schema.org\",\"@graph\":[{\"@type\":\"Article\",\"@id\":\"https:\/\/afam.md\/%f0%9f%92%ab-women-empowerment-month-7\/#article\",\"isPartOf\":{\"@id\":\"https:\/\/afam.md\/%f0%9f%92%ab-women-empowerment-month-7\/\"},\"author\":{\"name\":\"AFAM MD\",\"@id\":\"https:\/\/afam.md\/en\/#\/schema\/person\/17287dfbab7aa18699c0b1f57b744246\"},\"headline\":\"\ud83d\udcab Women Empowerment Month\",\"datePublished\":\"2026-03-27T12:21:46+00:00\",\"dateModified\":\"2026-03-27T12:21:51+00:00\",\"mainEntityOfPage\":{\"@id\":\"https:\/\/afam.md\/%f0%9f%92%ab-women-empowerment-month-7\/\"},\"wordCount\":177,\"publisher\":{\"@id\":\"https:\/\/afam.md\/en\/#organization\"},\"image\":{\"@id\":\"https:\/\/afam.md\/%f0%9f%92%ab-women-empowerment-month-7\/#primaryimage\"},\"thumbnailUrl\":\"https:\/\/afam.md\/wp-content\/uploads\/2026\/03\/image-212.png\",\"articleSection\":[\"Nout\u0103\u021bi\"],\"inLanguage\":\"ru-RU\"},{\"@type\":\"WebPage\",\"@id\":\"https:\/\/afam.md\/%f0%9f%92%ab-women-empowerment-month-7\/\",\"url\":\"https:\/\/afam.md\/%f0%9f%92%ab-women-empowerment-month-7\/\",\"name\":\"\ud83d\udcab Women Empowerment Month - AFAM MD\",\"isPartOf\":{\"@id\":\"https:\/\/afam.md\/en\/#website\"},\"primaryImageOfPage\":{\"@id\":\"https:\/\/afam.md\/%f0%9f%92%ab-women-empowerment-month-7\/#primaryimage\"},\"image\":{\"@id\":\"https:\/\/afam.md\/%f0%9f%92%ab-women-empowerment-month-7\/#primaryimage\"},\"thumbnailUrl\":\"https:\/\/afam.md\/wp-content\/uploads\/2026\/03\/image-212.png\",\"datePublished\":\"2026-03-27T12:21:46+00:00\",\"dateModified\":\"2026-03-27T12:21:51+00:00\",\"breadcrumb\":{\"@id\":\"https:\/\/afam.md\/%f0%9f%92%ab-women-empowerment-month-7\/#breadcrumb\"},\"inLanguage\":\"ru-RU\",\"potentialAction\":[{\"@type\":\"ReadAction\",\"target\":[\"https:\/\/afam.md\/%f0%9f%92%ab-women-empowerment-month-7\/\"]}]},{\"@type\":\"ImageObject\",\"inLanguage\":\"ru-RU\",\"@id\":\"https:\/\/afam.md\/%f0%9f%92%ab-women-empowerment-month-7\/#primaryimage\",\"url\":\"https:\/\/afam.md\/wp-content\/uploads\/2026\/03\/image-212.png\",\"contentUrl\":\"https:\/\/afam.md\/wp-content\/uploads\/2026\/03\/image-212.png\",\"width\":1280,\"height\":1920},{\"@type\":\"BreadcrumbList\",\"@id\":\"https:\/\/afam.md\/%f0%9f%92%ab-women-empowerment-month-7\/#breadcrumb\",\"itemListElement\":[{\"@type\":\"ListItem\",\"position\":1,\"name\":\"\u0413\u043b\u0430\u0432\u043d\u0430\u044f\",\"item\":\"https:\/\/afam.md\/\"},{\"@type\":\"ListItem\",\"position\":2,\"name\":\"\ud83d\udcab Women Empowerment Month\"}]},{\"@type\":\"WebSite\",\"@id\":\"https:\/\/afam.md\/en\/#website\",\"url\":\"https:\/\/afam.md\/en\/\",\"name\":\"AFAM MD\",\"description\":\"Asocia\u021bia Femeilor Antreprenoare Din Moldova\",\"publisher\":{\"@id\":\"https:\/\/afam.md\/en\/#organization\"},\"potentialAction\":[{\"@type\":\"SearchAction\",\"target\":{\"@type\":\"EntryPoint\",\"urlTemplate\":\"https:\/\/afam.md\/en\/?s={search_term_string}\"},\"query-input\":{\"@type\":\"PropertyValueSpecification\",\"valueRequired\":true,\"valueName\":\"search_term_string\"}}],\"inLanguage\":\"ru-RU\"},{\"@type\":\"Organization\",\"@id\":\"https:\/\/afam.md\/en\/#organization\",\"name\":\"Asocia\u021bia Femeilor Antreprenoare Din Moldova\",\"alternateName\":\"AFAM\",\"url\":\"https:\/\/afam.md\/en\/\",\"logo\":{\"@type\":\"ImageObject\",\"inLanguage\":\"ru-RU\",\"@id\":\"https:\/\/afam.md\/en\/#\/schema\/logo\/image\/\",\"url\":\"https:\/\/afam.md\/wp-content\/uploads\/2024\/11\/logo-blue.svg\",\"contentUrl\":\"https:\/\/afam.md\/wp-content\/uploads\/2024\/11\/logo-blue.svg\",\"width\":1874,\"height\":650,\"caption\":\"Asocia\u021bia Femeilor Antreprenoare Din Moldova\"},\"image\":{\"@id\":\"https:\/\/afam.md\/en\/#\/schema\/logo\/image\/\"},\"sameAs\":[\"https:\/\/www.facebook.com\/AFAMMoldova\/\",\"https:\/\/www.instagram.com\/afammoldova\/?hl=en\",\"https:\/\/md.linkedin.com\/in\/afam-moldova-285159174\"],\"email\":\"afammoldova@gmail.com\",\"telephone\":\"(+373) 76 767 670\",\"legalName\":\"Asocia\u021bia Femeilor Antreprenoare Din Moldova\",\"numberOfEmployees\":{\"@type\":\"QuantitativeValue\",\"minValue\":\"51\",\"maxValue\":\"200\"}},{\"@type\":\"Person\",\"@id\":\"https:\/\/afam.md\/en\/#\/schema\/person\/17287dfbab7aa18699c0b1f57b744246\",\"name\":\"AFAM MD\",\"image\":{\"@type\":\"ImageObject\",\"inLanguage\":\"ru-RU\",\"@id\":\"https:\/\/afam.md\/en\/#\/schema\/person\/image\/\",\"url\":\"https:\/\/afam.md\/wp-content\/litespeed\/avatar\/4f640660c9b0a6879bbbb91886b92071.jpg?ver=1777275140\",\"contentUrl\":\"https:\/\/afam.md\/wp-content\/litespeed\/avatar\/4f640660c9b0a6879bbbb91886b92071.jpg?ver=1777275140\",\"caption\":\"AFAM MD\"}}]}<\/script>\n<!-- \/ Yoast SEO Premium plugin. -->","yoast_head_json":{"title":"\ud83d\udcab Women Empowerment Month - AFAM MD","robots":{"index":"index","follow":"follow","max-snippet":"max-snippet:-1","max-image-preview":"max-image-preview:large","max-video-preview":"max-video-preview:-1"},"canonical":"https:\/\/afam.md\/ru\/\ud83d\udcab-women-empowerment-month-7\/","og_locale":"ru_RU","og_type":"article","og_title":"\ud83d\udcab Women Empowerment Month","og_description":"\u201eLa Agen\u021bia Propriet\u0103\u021bii Publice, egalitatea de \u0219anse \u0219i de gen se reflect\u0103 \u00een modul \u00een care lucr\u0103m, colabor\u0103m \u0219i construim leadershipul institu\u021bional. \u00cen gestionarea patrimoniului public, rezultatele durabile apar prin [&hellip;]","og_url":"https:\/\/afam.md\/ru\/\ud83d\udcab-women-empowerment-month-7\/","og_site_name":"AFAM MD","article_publisher":"https:\/\/www.facebook.com\/AFAMMoldova\/","article_published_time":"2026-03-27T12:21:46+00:00","article_modified_time":"2026-03-27T12:21:51+00:00","og_image":[{"width":1024,"height":1024,"url":"https:\/\/afam.md\/wp-content\/uploads\/2026\/03\/image-212-1024x1024.png","type":"image\/png"}],"author":"AFAM MD","twitter_card":"summary_large_image","twitter_misc":{"\u041d\u0430\u043f\u0438\u0441\u0430\u043d\u043e \u0430\u0432\u0442\u043e\u0440\u043e\u043c":"AFAM MD","\u041f\u0440\u0438\u043c\u0435\u0440\u043d\u043e\u0435 \u0432\u0440\u0435\u043c\u044f \u0434\u043b\u044f \u0447\u0442\u0435\u043d\u0438\u044f":"2 \u043c\u0438\u043d\u0443\u0442\u044b"},"schema":{"@context":"https:\/\/schema.org","@graph":[{"@type":"Article","@id":"https:\/\/afam.md\/%f0%9f%92%ab-women-empowerment-month-7\/#article","isPartOf":{"@id":"https:\/\/afam.md\/%f0%9f%92%ab-women-empowerment-month-7\/"},"author":{"name":"AFAM MD","@id":"https:\/\/afam.md\/en\/#\/schema\/person\/17287dfbab7aa18699c0b1f57b744246"},"headline":"\ud83d\udcab Women Empowerment Month","datePublished":"2026-03-27T12:21:46+00:00","dateModified":"2026-03-27T12:21:51+00:00","mainEntityOfPage":{"@id":"https:\/\/afam.md\/%f0%9f%92%ab-women-empowerment-month-7\/"},"wordCount":177,"publisher":{"@id":"https:\/\/afam.md\/en\/#organization"},"image":{"@id":"https:\/\/afam.md\/%f0%9f%92%ab-women-empowerment-month-7\/#primaryimage"},"thumbnailUrl":"https:\/\/afam.md\/wp-content\/uploads\/2026\/03\/image-212.png","articleSection":["Nout\u0103\u021bi"],"inLanguage":"ru-RU"},{"@type":"WebPage","@id":"https:\/\/afam.md\/%f0%9f%92%ab-women-empowerment-month-7\/","url":"https:\/\/afam.md\/%f0%9f%92%ab-women-empowerment-month-7\/","name":"\ud83d\udcab Women Empowerment Month - AFAM MD","isPartOf":{"@id":"https:\/\/afam.md\/en\/#website"},"primaryImageOfPage":{"@id":"https:\/\/afam.md\/%f0%9f%92%ab-women-empowerment-month-7\/#primaryimage"},"image":{"@id":"https:\/\/afam.md\/%f0%9f%92%ab-women-empowerment-month-7\/#primaryimage"},"thumbnailUrl":"https:\/\/afam.md\/wp-content\/uploads\/2026\/03\/image-212.png","datePublished":"2026-03-27T12:21:46+00:00","dateModified":"2026-03-27T12:21:51+00:00","breadcrumb":{"@id":"https:\/\/afam.md\/%f0%9f%92%ab-women-empowerment-month-7\/#breadcrumb"},"inLanguage":"ru-RU","potentialAction":[{"@type":"ReadAction","target":["https:\/\/afam.md\/%f0%9f%92%ab-women-empowerment-month-7\/"]}]},{"@type":"ImageObject","inLanguage":"ru-RU","@id":"https:\/\/afam.md\/%f0%9f%92%ab-women-empowerment-month-7\/#primaryimage","url":"https:\/\/afam.md\/wp-content\/uploads\/2026\/03\/image-212.png","contentUrl":"https:\/\/afam.md\/wp-content\/uploads\/2026\/03\/image-212.png","width":1280,"height":1920},{"@type":"BreadcrumbList","@id":"https:\/\/afam.md\/%f0%9f%92%ab-women-empowerment-month-7\/#breadcrumb","itemListElement":[{"@type":"ListItem","position":1,"name":"\u0413\u043b\u0430\u0432\u043d\u0430\u044f","item":"https:\/\/afam.md\/"},{"@type":"ListItem","position":2,"name":"\ud83d\udcab Women Empowerment Month"}]},{"@type":"WebSite","@id":"https:\/\/afam.md\/en\/#website","url":"https:\/\/afam.md\/en\/","name":"AFAM MD","description":"Asocia\u021bia Femeilor Antreprenoare Din Moldova","publisher":{"@id":"https:\/\/afam.md\/en\/#organization"},"potentialAction":[{"@type":"SearchAction","target":{"@type":"EntryPoint","urlTemplate":"https:\/\/afam.md\/en\/?s={search_term_string}"},"query-input":{"@type":"PropertyValueSpecification","valueRequired":true,"valueName":"search_term_string"}}],"inLanguage":"ru-RU"},{"@type":"Organization","@id":"https:\/\/afam.md\/en\/#organization","name":"Asocia\u021bia Femeilor Antreprenoare Din Moldova","alternateName":"AFAM","url":"https:\/\/afam.md\/en\/","logo":{"@type":"ImageObject","inLanguage":"ru-RU","@id":"https:\/\/afam.md\/en\/#\/schema\/logo\/image\/","url":"https:\/\/afam.md\/wp-content\/uploads\/2024\/11\/logo-blue.svg","contentUrl":"https:\/\/afam.md\/wp-content\/uploads\/2024\/11\/logo-blue.svg","width":1874,"height":650,"caption":"Asocia\u021bia Femeilor Antreprenoare Din Moldova"},"image":{"@id":"https:\/\/afam.md\/en\/#\/schema\/logo\/image\/"},"sameAs":["https:\/\/www.facebook.com\/AFAMMoldova\/","https:\/\/www.instagram.com\/afammoldova\/?hl=en","https:\/\/md.linkedin.com\/in\/afam-moldova-285159174"],"email":"afammoldova@gmail.com","telephone":"(+373) 76 767 670","legalName":"Asocia\u021bia Femeilor Antreprenoare Din Moldova","numberOfEmployees":{"@type":"QuantitativeValue","minValue":"51","maxValue":"200"}},{"@type":"Person","@id":"https:\/\/afam.md\/en\/#\/schema\/person\/17287dfbab7aa18699c0b1f57b744246","name":"AFAM MD","image":{"@type":"ImageObject","inLanguage":"ru-RU","@id":"https:\/\/afam.md\/en\/#\/schema\/person\/image\/","url":"https:\/\/afam.md\/wp-content\/litespeed\/avatar\/4f640660c9b0a6879bbbb91886b92071.jpg?ver=1777275140","contentUrl":"https:\/\/afam.md\/wp-content\/litespeed\/avatar\/4f640660c9b0a6879bbbb91886b92071.jpg?ver=1777275140","caption":"AFAM MD"}}]}},"_links":{"self":[{"href":"https:\/\/afam.md\/ru\/wp-json\/wp\/v2\/posts\/94575","targetHints":{"allow":["GET"]}}],"collection":[{"href":"https:\/\/afam.md\/ru\/wp-json\/wp\/v2\/posts"}],"about":[{"href":"https:\/\/afam.md\/ru\/wp-json\/wp\/v2\/types\/post"}],"author":[{"embeddable":true,"href":"https:\/\/afam.md\/ru\/wp-json\/wp\/v2\/users\/12"}],"replies":[{"embeddable":true,"href":"https:\/\/afam.md\/ru\/wp-json\/wp\/v2\/comments?post=94575"}],"version-history":[{"count":1,"href":"https:\/\/afam.md\/ru\/wp-json\/wp\/v2\/posts\/94575\/revisions"}],"predecessor-version":[{"id":94578,"href":"https:\/\/afam.md\/ru\/wp-json\/wp\/v2\/posts\/94575\/revisions\/94578"}],"wp:featuredmedia":[{"embeddable":true,"href":"https:\/\/afam.md\/ru\/wp-json\/wp\/v2\/media\/94577"}],"wp:attachment":[{"href":"https:\/\/afam.md\/ru\/wp-json\/wp\/v2\/media?parent=94575"}],"wp:term":[{"taxonomy":"category","embeddable":true,"href":"https:\/\/afam.md\/ru\/wp-json\/wp\/v2\/categories?post=94575"},{"taxonomy":"post_tag","embeddable":true,"href":"https:\/\/afam.md\/ru\/wp-json\/wp\/v2\/tags?post=94575"}],"curies":[{"name":"wp","href":"https:\/\/api.w.org\/{rel}","templated":true}]}}